{"id":4554,"date":"2009-11-08T14:06:13","date_gmt":"2009-11-08T13:06:13","guid":{"rendered":"https:\/\/www.jocelyne-lopez.de\/blog\/?p=4554"},"modified":"2010-11-23T17:25:50","modified_gmt":"2010-11-23T16:25:50","slug":"technische-universitat-berlin-muss-schmerzensgeld-zahlen","status":"publish","type":"post","link":"https:\/\/www.jocelyne-lopez.de\/blog\/2009\/11\/technische-universitat-berlin-muss-schmerzensgeld-zahlen\/","title":{"rendered":"Technische Universit\u00e4t Berlin muss Schmerzensgeld zahlen"},"content":{"rendered":"<p>Ich komme auf meine <a href=\"https:\/\/www.jocelyne-lopez.de\/blog\/2009\/09\/beschwerde-an-den-prasidenten-der-technischen-universitat-berlin\/\" target=\"_blank\">Beschwerde an den Pr\u00e4sidenten der Technischen Universit\u00e4t Berlin <\/a>vom 15.09.09 zur\u00fcck und verweise im selben Kontext auf einen Online-Artikel vom Kopp Verlag vom 03.04.09:<\/p>\n<p>\u00a0<\/p>\n<p style=\"padding-left: 60px;\"><a href=\"http:\/\/info.kopp-verlag.de\/drucken.html;jsessionid=4C5DAD448CF055B50C2455BC280A03DC?id=1026\">Antisemitismusvorwurf: TU Berlin muss Schmerzensgeld an Gerhard Wisnewski zahlen<\/a><\/p>\n<p style=\"padding-left: 30px;\">Zitate:<\/p>\n<p style=\"padding-left: 60px;\">Presse-Service Gerhard Wisnewski\u00a0<\/p>\n<p style=\"padding-left: 60px;\">Nach einem Urteil des Kammergerichts Berlin muss die Technische Universit\u00e4t Berlin ein Schmerzensgeld in H\u00f6he von 5.000 Euro an den Autor Gerhard Wisnewski (\u00bbOperation 9\/11\u00ab, \u00bbMythos 9\/11\u00ab) zahlen. Das \u00bbZentrum f\u00fcr Antisemitismusforschung\u00ab der TU hatte Wisnewski in einer Wanderausstellung antisemitische Thesen zu den Attentaten des 11.9.2001 unterstellt. Nachdem das ZfA 2007 bereits eine Unterlassungserkl\u00e4rung unterschreiben musste, stellte das Kammergericht Berlin nun fest, dass f\u00fcr diese schwerwiegende Ehrverletzung auch eine Geldentsch\u00e4digung zu zahlen ist. Das Gericht zog auch eine klare Trennlinie zwischen Israel-Kritik und Antisemitismus. Die Revision wurde nicht zugelassen; die Frist f\u00fcr eine Nichtzulassungsbeschwerde l\u00e4uft in K\u00fcrze ab.<br \/>\n[&#8230;]\n<\/p>\n<p style=\"padding-left: 60px;\">\u00a0<\/p>\n<p>Weder der Pr\u00e4sident der Technischen Universit\u00e4t Berlin (Prof. Dr. Kurt Kutzler), noch die Herausgeber des Zentrums f\u00fcr Antisemitismusforschung (Prof. Dr. Wolfgang Benz, Dr. Juliane Wetzel) haben bis jetzt Stellung zu meiner Beschwerde genommen oder in irgendeiner Weise gezeigt, dass sie sich um die Kl\u00e4rung dieser Missst\u00e4nde bem\u00fchen.\u00a0<\/p>\n<p>Genauso wenig habe ich Informationen von der Rektorin der Universit\u00e4t M\u00fcnster (Prof. Dr. Ursula Nelles) erhalten, an die ich auch im selben Kontext und beim selben T\u00e4terkreis am 13.09.09 mich gerichtet habe: <a href=\"https:\/\/www.jocelyne-lopez.de\/blog\/2009\/09\/beschwerde-an-die-rektorin-der-universitat-munster\/\" target=\"_blank\">Beschwerde an die Rektorin der Universit\u00e4t M\u00fcnster.\u00a0<\/a>\u00a0<\/p>\n<p>Ich hatte ja auch keine Anwort bekommen und keine Bem\u00fchungen zur Abhilfe und Kl\u00e4rung zu meinen Beschwerden aus den Jahren 2005 und 2006 von der Max Planck Gesellschaft \/ Albert Einstein Institut erkennen k\u00f6nnen:<a href=\"https:\/\/www.jocelyne-lopez.de\/blog\/2007\/12\/dr-markus-possel-die-kritiker-der-relativitatstheorie-sind-%e2%80%9ecranks\" target=\"_blank\"> Beschwerden an die Max-Planck-Gesellschaft<\/a>.<\/p>\n<p>\u00a0(Jocelyne Lopez)<\/p>\n<p>\u00a0<\/p>\n<p>&#8212;&#8212;&#8212;&#8212;&#8212;&#8212;&#8212;&#8212;&#8212;&#8212;&#8212;&#8212;&#8212;&#8212;&#8212;&#8212;&#8212;&#8211;<\/p>\n<p>Siehe auch im selben langj\u00e4hrigen Kontext:<\/p>\n<p><a href=\"https:\/\/www.jocelyne-lopez.de\/blog\/2009\/11\/stellungnahme-von-frau-dr-annette-schavan-zu-den-gravierenden-gesellschaftlichen-missstanden-um-die-unterdruckung-der-kritik-der-relativitatstheorie\/\" target=\"_blank\">Stellungnahme von Frau Dr. Annette Schavan zu den gravierenden gesellschaftlichen Missst\u00e4nden um die Unterdr\u00fcckung der Kritik der Relativit\u00e4tstheorie <\/a><\/p>\n<p><a href=\"https:\/\/www.jocelyne-lopez.de\/blog\/2009\/07\/bundesjustizministerin-brigitte-zypries-kampf-gegen-hass-im-internet\/\" target=\"_blank\">Bundesjustizministerin Brigitte Zypries: Kampf gegen Hass im Internet <\/a><\/p>\n<p><a rel=\"bookmark\" href=\"https:\/\/www.jocelyne-lopez.de\/blog\/2009\/07\/die-bananenrepublik-des-herrn-bernd-busemanns\/\" target=\"_blank\">Die Bananenrepublik des Herrn Bernd Busemann <\/a><a href=\"https:\/\/www.jocelyne-lopez.de\/blog\/2009\/07\/die-bananenrepublik-des-herrn-bernd-busemanns\/\"><\/a><\/p>\n<p><a href=\"https:\/\/www.jocelyne-lopez.de\/blog\/2009\/11\/eine-bande-von-blogger-aus-scienceblogs-verunglimpft-die-opfer-vom-mobbing-portal-esowatch-und-die-justiz\/\" target=\"_blank\">Eine Bande von Blogger aus ScienceBlogs verunglimpft die Opfer vom Mobbing-Portal ESOWATCH und die Justiz <\/a><\/p>\n","protected":false},"excerpt":{"rendered":"<p>Ich komme auf meine Beschwerde an den Pr\u00e4sidenten der Technischen Universit\u00e4t Berlin vom 15.09.09 zur\u00fcck und verweise im selben Kontext auf einen Online-Artikel vom Kopp Verlag vom 03.04.09: \u00a0 Antisemitismusvorwurf: TU Berlin muss Schmerzensgeld an Gerhard Wisnewski zahlen Zitate: Presse-Service Gerhard Wisnewski\u00a0 Nach einem Urteil des Kammergerichts Berlin muss die Technische Universit\u00e4t Berlin ein Schmerzensgeld [&hellip;]<\/p>\n","protected":false},"author":3,"featured_media":0,"comment_status":"closed","ping_status":"open","sticky":false,"template":"","format":"standard","meta":{"om_disable_all_campaigns":false,"_monsterinsights_skip_tracking":false,"_monsterinsights_sitenote_active":false,"_monsterinsights_sitenote_note":"","_monsterinsights_sitenote_category":0,"ngg_post_thumbnail":0,"footnotes":""},"categories":[13],"tags":[206,119,547,530,488,517,492,498,601,575,571,183,129,576,494,542,516,619,573,497],"class_list":["post-4554","post","type-post","status-publish","format-standard","hentry","category-kritik-der-relativitatstheorie","tag-alpha-centauri","tag-annette-schavan","tag-bernd-busemann","tag-carolin-liefke","tag-esowatch","tag-florian-freistetter","tag-gerhard-hollaschke","tag-gwup","tag-jorg-rings","tag-juliane-wetzel","tag-kurt-kutzler","tag-markus-possel","tag-prof-dr-jurgen-richter","tag-prof-dr-kurt-kutzler","tag-ralf-kellerbauer","tag-scienceblogs","tag-thilo-kuessner","tag-ursula-nelles","tag-wolfgang-benz","tag-zentrum-fur-antisemitismusforschung"],"aioseo_notices":[],"_links":{"self":[{"href":"https:\/\/www.jocelyne-lopez.de\/blog\/wp-json\/wp\/v2\/posts\/4554"}],"collection":[{"href":"https:\/\/www.jocelyne-lopez.de\/blog\/wp-json\/wp\/v2\/posts"}],"about":[{"href":"https:\/\/www.jocelyne-lopez.de\/blog\/wp-json\/wp\/v2\/types\/post"}],"author":[{"embeddable":true,"href":"https:\/\/www.jocelyne-lopez.de\/blog\/wp-json\/wp\/v2\/users\/3"}],"replies":[{"embeddable":true,"href":"https:\/\/www.jocelyne-lopez.de\/blog\/wp-json\/wp\/v2\/comments?post=4554"}],"version-history":[{"count":0,"href":"https:\/\/www.jocelyne-lopez.de\/blog\/wp-json\/wp\/v2\/posts\/4554\/revisions"}],"wp:attachment":[{"href":"https:\/\/www.jocelyne-lopez.de\/blog\/wp-json\/wp\/v2\/media?parent=4554"}],"wp:term":[{"taxonomy":"category","embeddable":true,"href":"https:\/\/www.jocelyne-lopez.de\/blog\/wp-json\/wp\/v2\/categories?post=4554"},{"taxonomy":"post_tag","embeddable":true,"href":"https:\/\/www.jocelyne-lopez.de\/blog\/wp-json\/wp\/v2\/tags?post=4554"}],"curies":[{"name":"wp","href":"https:\/\/api.w.org\/{rel}","templated":true}]}}