{"id":4547,"date":"2009-11-05T06:59:12","date_gmt":"2009-11-05T05:59:12","guid":{"rendered":"https:\/\/www.jocelyne-lopez.de\/blog\/?p=4547"},"modified":"2009-11-05T07:04:35","modified_gmt":"2009-11-05T06:04:35","slug":"stellungnahme-von-frau-dr-annette-schavan-zu-den-gravierenden-gesellschaftlichen-missstanden-um-die-unterdruckung-der-kritik-der-relativitatstheorie","status":"publish","type":"post","link":"https:\/\/www.jocelyne-lopez.de\/blog\/2009\/11\/stellungnahme-von-frau-dr-annette-schavan-zu-den-gravierenden-gesellschaftlichen-missstanden-um-die-unterdruckung-der-kritik-der-relativitatstheorie\/","title":{"rendered":"Stellungnahme von Frau Dr. Annette Schavan zu den gravierenden gesellschaftlichen Missst\u00e4nden um die Unterdr\u00fcckung der Kritik der Relativit\u00e4tstheorie"},"content":{"rendered":"<p>Ich habe im Juli 2006 pers\u00f6nlich an alle 614 Abgeordnete des Deutschen Bundestages einen Brief gerichtet, in dem ich \u00fcber die gravierenden gesellschaftlichen Missst\u00e4nden im Zusammenhang mit der Unterdr\u00fcckung der Kritik der Relativit\u00e4tstheorie und \u00fcber die schwerwiegende Verletzung der pers\u00f6nlichen Integrit\u00e4t und der Grundrechte der Kritiker, insbesondere im Internet, ausf\u00fchrlich berichtet habe:<\/p>\n<p style=\"padding-left: 60px;\"><a href=\"https:\/\/www.jocelyne-lopez.de\/blog\/2007\/11\/juli-2006-jocelyne-lopez-schreibt-an-alle-abgeordneten-des-deutschen-bundestages\/\" target=\"_blank\">Juli 2006: Jocelyne Lopez schreibt an alle Abgeordneten des Deutschen Bundestages <\/a><\/p>\n<p>\u00a0<\/p>\n<p>Nachstehend die Antwort von Frau Dr. Annette Schavan, Bundesministerin f\u00fcr Bildung und Forschung:<strong>\u00a0<\/strong><\/p>\n<p style=\"padding-left: 60px;\"><strong>Absender:\u00a0\u00a0\u00a0\u00a0\u00a0 <\/strong>Richter, Juergen \/711 <a href=\"mailto:Juergen.Richter@bmbf.bund.de\">Juergen.Richter@bmbf.bund.de<\/a><br \/>\n<strong>Datum:<\/strong>\u00a0\u00a0\u00a0\u00a0\u00a0\u00a0\u00a0\u00a0\u00a0\u00a0 14.08.06 15:04<br \/>\n<strong>Empf<\/strong><strong>\u00e4<\/strong><strong>nger:\u00a0\u00a0\u00a0 <\/strong>Jocelyne Lopez<br \/>\n<strong>Betreff:<\/strong>\u00a0\u00a0\u00a0\u00a0\u00a0\u00a0\u00a0\u00a0\u00a0\u00a0 Forschungsgruppe G. O. M\u00fcller; Kritik an der Relativit\u00e4tstheorie\n<\/p>\n<p style=\"padding-left: 60px;\">Sehr geehrte Frau Lopez,<\/p>\n<p style=\"padding-left: 60px;\">sie haben unter dem 31. Juli der Bundesministerin f\u00fcr Bildung und Forschung, Frau Dr. Annette Schavan, Mitglied des Deutschen Bundestages, unter der \u00dcberschrift &#8222;Freiheit der Wissenschaft nach Artikel 5 des Grundgesetzes&#8220; eine E-Mail zugesandt. Frau Bundesministerin Dr. Schavan l\u00e4sst Ihnen danken und hat das Schreiben dem Referat &#8222;Naturwissenschaftliche Grundlagenforschung&#8220; im BMBF zur Beantwortung \u00fcbergeben.\u00a0<\/p>\n<p style=\"padding-left: 60px;\">Es soll zuallererst darauf hingewiesen werden, dass das Bundesministerium f\u00fcr Bildung und Forschung aus grunds\u00e4tzlichen Erw\u00e4gungen keine Stellungnahme zu wissenschaftlichen Thesen und Theorien abgibt. Ergebnisse der wissenschaftlichen Forschung sind unter den Experten in der Wissenschaft selbst zu diskutieren. Hierzu geh\u00f6rt auch die von der Forschungsgruppe G. O. M\u00fcller vorgebrachte Kritik an der Speziellen Relativit\u00e4tstheorie von A. Einstein aus dem Jahre 1905.\u00a0<\/p>\n<p style=\"padding-left: 60px;\">Des Weiteren ist festzustellen, dass die Ergebnisse der Forschungsgruppe<br \/>\nG. O. M\u00fcller ver\u00f6ffentlicht wurden, zum einen in gedruckter Buchform und zum anderen im Internet. Die Forschungsergebnisse sind damit \u00f6ffentlich breit zug\u00e4nglich. Ihr Vorwurf, die Forschungsgruppe k\u00f6nne ihre Meinung nicht \u00f6ffentlich \u00e4u\u00dfern, ist daher unrichtig und eine Verletzung der Grundrechte in Bezug auf freie Meinungs\u00e4u\u00dferung kann nicht festgestellt werden.\u00a0\n<\/p>\n<p style=\"padding-left: 60px;\">Mit freundlichen Gr\u00fc\u00dfen<\/p>\n<p style=\"padding-left: 60px;\">Im Auftrag<br \/>\nJ\u00fcrgen Richter\u00a0<\/p>\n<p style=\"padding-left: 60px;\">************************************<br \/>\nProf. Dr. Juergen Richter<br \/>\nBundesministerium fuer Bildung und Forschung<br \/>\nReferat 711<br \/>\n53175 Bonn<br \/>\nTel.: 01888 57 3222<br \/>\nFax: 018885783222<br \/>\nE-mail: <span style=\"text-decoration: underline;\"><a href=\"mailto:juergen.richter@bmbf.bund.de\">juergen.richter@bmbf.bund.de<\/a><\/span><\/p>\n<p>\u00a0<\/p>\n<p>Siehe hierzu:<\/p>\n<p><a rel=\"bookmark\" href=\"https:\/\/www.jocelyne-lopez.de\/blog\/2009\/08\/morddrohungen-bei-cyber-mobbing\/\" target=\"_blank\">Morddrohungen bei Cyber-Mobbing <\/a><\/p>\n<p><a rel=\"bookmark\" href=\"https:\/\/www.jocelyne-lopez.de\/blog\/2008\/02\/verstos-gegen-%c2%a7-1-art-1-grundgesetz-durch-unterlassung-von-der-bundesministerin-fur-bildung-und-forschung-frau-dr-annette-schavan\/\" target=\"_blank\">Versto\u00df gegen \u00a7 1 Art. 1 Grundgesetz durch Unterlassung von der Bundesministerin f\u00fcr Bildung und Forschung, Frau Dr. Annette Schavan <\/a><\/p>\n<p><a rel=\"bookmark\" href=\"https:\/\/www.jocelyne-lopez.de\/blog\/2008\/02\/verletzung-des-%c2%a7-5-art-3-grundgesetz-uber-die-wissenschaftsfreiheit-durch-frau-dr-annette-schavan-bundesministerin-fur-bildung-und-forschung\/\" target=\"_blank\">Verletzung des \u00a7 5 Art. 3 Grundgesetz \u00fcber die Wissenschaftsfreiheit durch Frau Dr. Annette Schavan, Bundesministerin f\u00fcr Bildung und Forschung <\/a><\/p>\n<p><a rel=\"bookmark\" href=\"https:\/\/www.jocelyne-lopez.de\/blog\/2008\/04\/grob-fahrlaessig-frau-bundesministerin-annette-schavan\/\" target=\"_blank\">Grob fahrl\u00e4ssig, Frau Bundesministerin Annette Schavan! <\/a><\/p>\n<p><a title=\"Permanenter Link zu Staatliche Entscheidungstr\u00e4ger vernachl\u00e4ssigen Verfassungsgebot\" rel=\"bookmark\" href=\"http:\/\/wissenschaftliche-physik.com\/2008\/12\/der-staat-handelt-verfassungswidrig\/\" target=\"_blank\">Staatliche Entscheidungstr\u00e4ger vernachl\u00e4ssigen Verfassungsgebot<\/a><\/p>\n<p><a rel=\"bookmark\" href=\"https:\/\/www.jocelyne-lopez.de\/blog\/2008\/02\/hat-frau-annette-schavan-bundesministerin-fur-bildung-und-forschung-die-dokumentation-der-forschungsgruppe-go-mueller-prufen-lassen\/\" target=\"_blank\">Hat Frau Annette Schavan, Bundesministerin f\u00fcr Bildung und Forschung, die Dokumentation der Forschungsgruppe G.O. Mueller pr\u00fcfen lassen? <\/a><br \/>\n<a rel=\"bookmark\" href=\"https:\/\/www.jocelyne-lopez.de\/blog\/2008\/11\/der-staat-handelt-verfassungswidrig\/\"><\/a><\/p>\n<p><a rel=\"bookmark\" href=\"https:\/\/www.jocelyne-lopez.de\/blog\/2009\/08\/die-bundesministerin-annette-schavan-hat-seit-jahren-kenntnis-von-der-unterdruckung-der-kritik-der-relativitatstheorie\/\" target=\"_blank\">Die Bundesministerin Annette Schavan hat seit Jahren Kenntnis von der Unterdr\u00fcckung der Kritik der Relativit\u00e4tstheorie <\/a><a href=\"https:\/\/www.jocelyne-lopez.de\/blog\/2008\/11\/der-staat-handelt-verfassungswidrig\/\"><\/a><\/p>\n<p><a rel=\"bookmark\" href=\"https:\/\/www.jocelyne-lopez.de\/blog\/2008\/08\/bananenrepublik-deutschland\/\"><\/a><\/p>\n","protected":false},"excerpt":{"rendered":"<p>Ich habe im Juli 2006 pers\u00f6nlich an alle 614 Abgeordnete des Deutschen Bundestages einen Brief gerichtet, in dem ich \u00fcber die gravierenden gesellschaftlichen Missst\u00e4nden im Zusammenhang mit der Unterdr\u00fcckung der Kritik der Relativit\u00e4tstheorie und \u00fcber die schwerwiegende Verletzung der pers\u00f6nlichen Integrit\u00e4t und der Grundrechte der Kritiker, insbesondere im Internet, ausf\u00fchrlich berichtet habe: Juli 2006: Jocelyne [&hellip;]<\/p>\n","protected":false},"author":3,"featured_media":0,"comment_status":"closed","ping_status":"open","sticky":false,"template":"","format":"standard","meta":{"om_disable_all_campaigns":false,"_monsterinsights_skip_tracking":false,"_monsterinsights_sitenote_active":false,"_monsterinsights_sitenote_note":"","_monsterinsights_sitenote_category":0,"ngg_post_thumbnail":0,"footnotes":""},"categories":[11,13],"tags":[119,1335,16,1336,129],"class_list":["post-4547","post","type-post","status-publish","format-standard","hentry","category-go-mueller","category-kritik-der-relativitatstheorie","tag-annette-schavan","tag-go-mueller","tag-gom-projekt","tag-kritik-der-relativitatstheorie","tag-prof-dr-jurgen-richter"],"aioseo_notices":[],"_links":{"self":[{"href":"https:\/\/www.jocelyne-lopez.de\/blog\/wp-json\/wp\/v2\/posts\/4547"}],"collection":[{"href":"https:\/\/www.jocelyne-lopez.de\/blog\/wp-json\/wp\/v2\/posts"}],"about":[{"href":"https:\/\/www.jocelyne-lopez.de\/blog\/wp-json\/wp\/v2\/types\/post"}],"author":[{"embeddable":true,"href":"https:\/\/www.jocelyne-lopez.de\/blog\/wp-json\/wp\/v2\/users\/3"}],"replies":[{"embeddable":true,"href":"https:\/\/www.jocelyne-lopez.de\/blog\/wp-json\/wp\/v2\/comments?post=4547"}],"version-history":[{"count":0,"href":"https:\/\/www.jocelyne-lopez.de\/blog\/wp-json\/wp\/v2\/posts\/4547\/revisions"}],"wp:attachment":[{"href":"https:\/\/www.jocelyne-lopez.de\/blog\/wp-json\/wp\/v2\/media?parent=4547"}],"wp:term":[{"taxonomy":"category","embeddable":true,"href":"https:\/\/www.jocelyne-lopez.de\/blog\/wp-json\/wp\/v2\/categories?post=4547"},{"taxonomy":"post_tag","embeddable":true,"href":"https:\/\/www.jocelyne-lopez.de\/blog\/wp-json\/wp\/v2\/tags?post=4547"}],"curies":[{"name":"wp","href":"https:\/\/api.w.org\/{rel}","templated":true}]}}