{"id":450,"date":"2008-10-18T19:33:32","date_gmt":"2008-10-18T18:33:32","guid":{"rendered":"https:\/\/www.jocelyne-lopez.de\/blog\/?p=450"},"modified":"2008-10-19T09:33:23","modified_gmt":"2008-10-19T08:33:23","slug":"prof-dr-hartwig-thim-zum-physikverstandnis-von-prof-harald-lesch","status":"publish","type":"post","link":"https:\/\/www.jocelyne-lopez.de\/blog\/2008\/10\/prof-dr-hartwig-thim-zum-physikverstandnis-von-prof-harald-lesch\/","title":{"rendered":"Prof. Hartwig Thim zum Physikverst\u00e4ndnis von  Prof. Harald Lesch"},"content":{"rendered":"<p align=\"left\">Ich erhielt heute als Kopie folgende E-Mail von Prof. Dr. Hartwig Thim an den Fernsehsender Bayern Alpha:<\/p>\n<blockquote>\n<blockquote>\n<p align=\"left\">Sehr geehrte Damen und Herren von Bayern Alpha,<\/p>\n<p>darf ich Ihnen folgende Kritik zur Kenntnis bringen:<\/p>\n<p>Professor Harald Lesch macht in manchen Sendungen \u00fcber Physik fehlerhafte Aussagen. In der letzten Sendung (<a href=\"http:\/\/www.br-online.de\/br-alpha\/einstein-lesch-folge-2-ID1220461422932.xml\"> http:\/\/www.br-online.de\/br-alpha\/einstein-lesch-folge-2-ID1220461422932.xml<\/a> ) erkl\u00e4rte er z.B., dass sich bei der Ausbreitung von Schall in Luft die Geschwindigkeit der Schallquelle zur Schallgeschwindigkeit addiert, also versteht Herr Lesch nicht einmal die klassische Physik.<br \/>\nSeine Verst\u00e4ndnisschwierigkeiten mit der Quantenphysik und mit der Relativit\u00e4tstheorie sind vielen Fachkollegen und auch mir ebenfalls schon l\u00e4ngst aufgefallen.<\/p><\/blockquote>\n<\/blockquote>\n<blockquote><\/blockquote>\n<blockquote>\n<blockquote><p>Bitte bedenken Sie, dass Bayern Alpha mit Harald Lesch seinen hervorragenden Ruf als Kultursender besch\u00e4digen k\u00f6nnte.<\/p>\n<p>Mit freundlichen Gruessen, Ihr<br \/>\nHartwig Thim<\/p>\n<p>em. Prof. DI. Dr. Hartwig Thim<br \/>\nMicroelectronics and Microsensors<br \/>\nInstitute, Johannes Kepler University\u00a0<br \/>\nA &#8211; 4040 Linz, Austria\u00a0\u00a0\u00a0<br \/>\n<a href=\"http:\/\/www.ime.jku.at\/\">http:\/\/www.ime.jku.at<br \/>\n<\/a><\/p><\/blockquote>\n<\/blockquote>\n<blockquote><\/blockquote>\n<blockquote><\/blockquote>\n","protected":false},"excerpt":{"rendered":"<p>Ich erhielt heute als Kopie folgende E-Mail von Prof. Dr. Hartwig Thim an den Fernsehsender Bayern Alpha: Sehr geehrte Damen und Herren von Bayern Alpha, darf ich Ihnen folgende Kritik zur Kenntnis bringen: Professor Harald Lesch macht in manchen Sendungen \u00fcber Physik fehlerhafte Aussagen. In der letzten Sendung ( http:\/\/www.br-online.de\/br-alpha\/einstein-lesch-folge-2-ID1220461422932.xml ) erkl\u00e4rte er z.B., dass [&hellip;]<\/p>\n","protected":false},"author":3,"featured_media":0,"comment_status":"closed","ping_status":"open","sticky":false,"template":"","format":"standard","meta":{"om_disable_all_campaigns":false,"_monsterinsights_skip_tracking":false,"_monsterinsights_sitenote_active":false,"_monsterinsights_sitenote_note":"","_monsterinsights_sitenote_category":0,"ngg_post_thumbnail":0,"footnotes":""},"categories":[13],"tags":[445,193,281,1336,194,280,211],"class_list":["post-450","post","type-post","status-publish","format-standard","hentry","category-kritik-der-relativitatstheorie","tag-br-alpha","tag-harald-lesch","tag-hartwig-thim","tag-kritik-der-relativitatstheorie","tag-prof-harald-lesch","tag-prof-hartwig-thim","tag-relativitastheorie"],"aioseo_notices":[],"_links":{"self":[{"href":"https:\/\/www.jocelyne-lopez.de\/blog\/wp-json\/wp\/v2\/posts\/450"}],"collection":[{"href":"https:\/\/www.jocelyne-lopez.de\/blog\/wp-json\/wp\/v2\/posts"}],"about":[{"href":"https:\/\/www.jocelyne-lopez.de\/blog\/wp-json\/wp\/v2\/types\/post"}],"author":[{"embeddable":true,"href":"https:\/\/www.jocelyne-lopez.de\/blog\/wp-json\/wp\/v2\/users\/3"}],"replies":[{"embeddable":true,"href":"https:\/\/www.jocelyne-lopez.de\/blog\/wp-json\/wp\/v2\/comments?post=450"}],"version-history":[{"count":0,"href":"https:\/\/www.jocelyne-lopez.de\/blog\/wp-json\/wp\/v2\/posts\/450\/revisions"}],"wp:attachment":[{"href":"https:\/\/www.jocelyne-lopez.de\/blog\/wp-json\/wp\/v2\/media?parent=450"}],"wp:term":[{"taxonomy":"category","embeddable":true,"href":"https:\/\/www.jocelyne-lopez.de\/blog\/wp-json\/wp\/v2\/categories?post=450"},{"taxonomy":"post_tag","embeddable":true,"href":"https:\/\/www.jocelyne-lopez.de\/blog\/wp-json\/wp\/v2\/tags?post=450"}],"curies":[{"name":"wp","href":"https:\/\/api.w.org\/{rel}","templated":true}]}}