{"id":4427,"date":"2009-08-23T16:21:57","date_gmt":"2009-08-23T15:21:57","guid":{"rendered":"https:\/\/www.jocelyne-lopez.de\/blog\/?p=4427"},"modified":"2009-11-17T07:40:28","modified_gmt":"2009-11-17T06:40:28","slug":"morddrohungen-bei-cyber-mobbing","status":"publish","type":"post","link":"https:\/\/www.jocelyne-lopez.de\/blog\/2009\/08\/morddrohungen-bei-cyber-mobbing\/","title":{"rendered":"Morddrohungen bei Cyber-Mobbing"},"content":{"rendered":"<p>Ich verweise auf meinen Eintrag <a href=\"https:\/\/www.jocelyne-lopez.de\/blog\/2009\/08\/hasspropaganda-hetze-und-auch-drohungen-mit-gewalt-gegen-die-kritiker-der-relativitastheorie\/trackback\" target=\"_blank\"><em>Hasspropaganda, Hetze und auch Drohungen mit Gewalt gegen die Kritiker der Relativit\u00e4stheorie<\/em> <\/a>und mache auf ein Urteil in einem Cyber-Mobbing-Fall aus Gro\u00dfbritannien aufmerksam, wie <a href=\"http:\/\/www.zeit.de\/newsticker\/2009\/8\/22\/iptc-bdt-20090822-150-22172460xml\" target=\"_blank\"><em>Zeit-Online am 22.08.09<\/em> <\/a>berichtet:<\/p>\n<p style=\"padding-left: 60px;\">\u00a0<br \/>\n<strong>Mobbing bei Facebook: Teenager muss in Haft<br \/>\n<\/strong><br \/>\nLondon (dpa) &#8211; Erstmals ist in Gro\u00dfbritannien ein Teenager wegen Mobbings im Internet zu einer Haftstrafe verurteilt worden. Die 18-j\u00e4hrige Britin muss drei Monate in eine Jugendstrafanstalt, weil sie auf der Internetplattform Facebook eine ehemalige Schulkameradin mit dem Tod bedroht hatte.\n<\/p>\n<p style=\"padding-left: 60px;\">[\u2026] Ein Gericht in Worcester verurteilte sie zudem dazu, f\u00fcnf Jahre nicht mit ihrer Bekannten in Kontakt zu treten oder Kommentare \u00fcber sie im Internet zu verbreiten. Die 18-J\u00e4hrige hatte das andere M\u00e4dchen seit Jahren verbal und auch k\u00f6rperlich bedroht.<\/p>\n<p style=\"padding-left: 60px;\">&#8222;<em>Es ist die erste Verurteilung wegen Cyber-Mobbings und ist ein wichtiger Pr\u00e4zedenzfall<\/em>&#8222;, sagte Emma-Jane Cross von der Antimobbing-Organisation Beatbullying. [\u2026]<\/p>\n<p>\u00a0<\/p>\n<p>Dagegen ist in Deutschland das brutale und\u00a0langj\u00e4hrige Cyber-Mobbing von einer Gruppe von B\u00fcrgern (Kritiker der Relativit\u00e4tstheorie) wohlwollend von allen Verantwortlichen der Gesellschaft geduldet, ob Politik, Justiz oder Medien, obwohl mehr als ausreichend seit Jahren in einer Vielzahl von Internet-Seiten dokumentiert \u2013 man gucke sich zum Beispiel nur im Hetz- und Stalkerforum <a href=\"https:\/\/www.jocelyne-lopez.de\/blog\/2009\/03\/die-verleumdungs-seiten-esowatch-gwup-und-forum-alpha-centauri\/trackback\" target=\"_blank\"><em>Alpha Centauri und seinen befreundeten Internet-Seiten<\/em><\/a>\u00a0um.<\/p>\n<p>In der <a href=\"https:\/\/www.jocelyne-lopez.de\/blog\/2009\/07\/die-bananenrepublik-des-herrn-bernd-busemanns\/trackback\" target=\"_blank\"><em>Bananenrepublik Niedersachsen<\/em><\/a> des guten Justizministers Bernd Busemann\u00a0werden zum Beispiel Strafanzeigen, Strafantr\u00e4ge und Beschwerden ohne Ermittlungen eingestellt, obwohl in meinem Fall nach <a href=\"https:\/\/www.jocelyne-lopez.de\/blog\/2008\/12\/forum-alpha-centauri-ubelste-stalking-und-mobbing-fall-im-internet\/trackback\" target=\"_blank\"><em>Aussagen von mehreren Dritten<\/em><\/a>\u00a0ein einmaliger Fall vom\u00a0\u00fcbelsten Cyber-Mobbing \u00fcber mehrere Jahre vorliegt -einschlie\u00dflich Drohungen mit physischer Gewalt. Der gute Justizminister von Niedersachsen Bernd Busemann, der wohl sein Juradiplom in einer Wundert\u00fcte auf der Kirmes gewonnen und sein Rechts- und Gerechtigkeitsgef\u00fchl zu Gunsten seines dicken Gehalts vergessen hat, ist der Meinung, dass alles der \u201e<em><a href=\"https:\/\/www.jocelyne-lopez.de\/blog\/2009\/04\/das-niedersachsische-justizministerium-hat-ganz-seltsame-rechtsauffassungen\/trackback\" target=\"_blank\">Rechtslage<\/a><\/em>\u201c\u00a0entspreche. Es l\u00e4sst sich wohl f\u00fcr manchen in <em><a href=\"http:\/\/www.derpopularis.de\/2009\/05\/niedersachsische-justiz-grundet-eigenen-rechtsstaat\/\" target=\"_blank\">dem eigen gegr\u00fcndeten &#8222;Rechtsstaat<\/a><\/em>&#8220;\u00a0des Herrn Bernd Busemann gut leben.\u00a0<\/p>\n<p>Die Bundesjustizministerin Brigitte Zypries hat zwar den <em><a href=\"https:\/\/www.jocelyne-lopez.de\/blog\/2009\/07\/bundesjustizministerin-brigitte-zypries-kampf-gegen-hass-im-internet\/trackback\" target=\"_self\">Kampf gegen Ha\u00df im Internet<\/a><\/em> angesagt, aber dieser Kampf gilt offensichtlich nur f\u00fcr den Schutz einer einzigen Bev\u00f6lkerungsgruppe: Die lebenden Angeh\u00f6rige der j\u00fcdischen Holocaustopfer. Es gibt solche und solche Bev\u00f6lkerungsgruppen in Deutschland\u00a0und nicht jeder darf gleichberechtigt\u00a0Anspruch auf seine pers\u00f6nliche Integrit\u00e4t und auf seine Menschenrechte haben. Sobald zum Beispiel ein paar miese Ganoven, Profi-Holocaustopfer und ihre feigen Sympathisanten mit einer Runde <em><a href=\"https:\/\/www.jocelyne-lopez.de\/blog\/2009\/08\/holocaust-tralala-und-kein-ende\/trackback\" target=\"_blank\">Holocaust-Tralala<\/a><\/em> auftauchen, dann verkriechen sich alle unter die Erde und jeder B\u00fcrger kann ungehemmt und unbestraft als Freiwild f\u00fcr Ha\u00dfpropaganda und Hetze erkl\u00e4rt werden. Es gibt kein Entkommen.<\/p>\n<p>Der \u00a7 130 StGB <a href=\"https:\/\/www.jocelyne-lopez.de\/blog\/2009\/08\/der-%c2%a7-130-gehort-abgeschafft-das-ist-schrott\/trackback\" target=\"_blank\"><em>geh\u00f6rt abgeschafft<\/em><\/a>, das ist der allerletzte Schrott.\u00a0<\/p>\n<p>(Jocelyne Lopez)<\/p>\n<p>&#8212;&#8212;&#8212;&#8212;&#8212;&#8212;&#8212;&#8212;&#8212;&#8212;&#8212;&#8212;&#8211;<br \/>\nSiehe auch: <a href=\"http:\/\/www.ekkehard-friebe.de\/friebeforum\/thread.php?threadid=681&amp;sid=3ba8e1f115b92ae3de96918e912b2269\" target=\"_blank\">Informationen \u00fcber das Mobbing-Portal Esowatch<\/a><\/p>\n","protected":false},"excerpt":{"rendered":"<p>Ich verweise auf meinen Eintrag Hasspropaganda, Hetze und auch Drohungen mit Gewalt gegen die Kritiker der Relativit\u00e4stheorie und mache auf ein Urteil in einem Cyber-Mobbing-Fall aus Gro\u00dfbritannien aufmerksam, wie Zeit-Online am 22.08.09 berichtet: \u00a0 Mobbing bei Facebook: Teenager muss in Haft London (dpa) &#8211; Erstmals ist in Gro\u00dfbritannien ein Teenager wegen Mobbings im Internet zu [&hellip;]<\/p>\n","protected":false},"author":3,"featured_media":0,"comment_status":"closed","ping_status":"open","sticky":false,"template":"","format":"standard","meta":{"om_disable_all_campaigns":false,"_monsterinsights_skip_tracking":false,"_monsterinsights_sitenote_active":false,"_monsterinsights_sitenote_note":"","_monsterinsights_sitenote_category":0,"ngg_post_thumbnail":0,"footnotes":""},"categories":[13,9],"tags":[206,547,241,33,488,166,498,1336,542,1334],"class_list":["post-4427","post","type-post","status-publish","format-standard","hentry","category-kritik-der-relativitatstheorie","category-tierversuche-abschaffen","tag-alpha-centauri","tag-bernd-busemann","tag-brigitte-zypries","tag-ekkehard-friebe","tag-esowatch","tag-gfwp","tag-gwup","tag-kritik-der-relativitatstheorie","tag-scienceblogs","tag-tierversuche-abschaffen"],"aioseo_notices":[],"_links":{"self":[{"href":"https:\/\/www.jocelyne-lopez.de\/blog\/wp-json\/wp\/v2\/posts\/4427"}],"collection":[{"href":"https:\/\/www.jocelyne-lopez.de\/blog\/wp-json\/wp\/v2\/posts"}],"about":[{"href":"https:\/\/www.jocelyne-lopez.de\/blog\/wp-json\/wp\/v2\/types\/post"}],"author":[{"embeddable":true,"href":"https:\/\/www.jocelyne-lopez.de\/blog\/wp-json\/wp\/v2\/users\/3"}],"replies":[{"embeddable":true,"href":"https:\/\/www.jocelyne-lopez.de\/blog\/wp-json\/wp\/v2\/comments?post=4427"}],"version-history":[{"count":0,"href":"https:\/\/www.jocelyne-lopez.de\/blog\/wp-json\/wp\/v2\/posts\/4427\/revisions"}],"wp:attachment":[{"href":"https:\/\/www.jocelyne-lopez.de\/blog\/wp-json\/wp\/v2\/media?parent=4427"}],"wp:term":[{"taxonomy":"category","embeddable":true,"href":"https:\/\/www.jocelyne-lopez.de\/blog\/wp-json\/wp\/v2\/categories?post=4427"},{"taxonomy":"post_tag","embeddable":true,"href":"https:\/\/www.jocelyne-lopez.de\/blog\/wp-json\/wp\/v2\/tags?post=4427"}],"curies":[{"name":"wp","href":"https:\/\/api.w.org\/{rel}","templated":true}]}}