{"id":425,"date":"2008-09-21T20:00:58","date_gmt":"2008-09-21T19:00:58","guid":{"rendered":"https:\/\/www.jocelyne-lopez.de\/blog\/?p=425"},"modified":"2009-11-14T19:20:46","modified_gmt":"2009-11-14T18:20:46","slug":"die-treibjagd-an-wildtiere-abschaffen","status":"publish","type":"post","link":"https:\/\/www.jocelyne-lopez.de\/blog\/2008\/09\/die-treibjagd-an-wildtiere-abschaffen\/","title":{"rendered":"Die Treibjagd an Wildtiere abschaffen!"},"content":{"rendered":"<p>Ich beziehe mich auf meinen vorherigen <a href=\"https:\/\/www.jocelyne-lopez.de\/blog\/?p=424\" target=\"_blank\">Blog-Eintrag<\/a>\u00a0\u00fcber die allj\u00e4hrliche Treibjagd an Wildtiere im Landkreis Pfarrkirchen &#8211;\u00a0die Anfang November wieder droht und zum \u201e<em>Vergn\u00fcgen<\/em>&#8220; einer Minderheit von einflussreichen B\u00fcrgern und \u201e<em>Freizeitsportlern<\/em>&#8220; genehmigt wird. Nachstehend wiedergebe ich zwei E-Mail-Ansprachen von Karlheinz Baumgartl an die Verantwortlichen im Landkreis und an die lokale Presse<\/p>\n<blockquote>\n<blockquote><p><strong>Von:\u00a0Karl-Heinz Baumgartl<br \/>\nAn:\u00a0\u00a0 <\/strong><a title=\"bernhard.bopp@wochenblatt.de\" href=\"mailto:bernhard.bopp@wochenblatt.de\"><strong>bernhard.bopp@wochenblatt.de<\/strong><\/a><strong> ; <\/strong><a title=\"red.pfarrkirchen@pnp.de\" href=\"mailto:red.pfarrkirchen@pnp.de\"><strong>red.pfarrkirchen@pnp.de<\/strong><\/a><br \/>\n<strong>Datum: 21.09.08<br \/>\nBetr.: der Massenmord an Tieren droht wieder im Landkreis<\/strong><\/p>\n<p><span style=\"color: #ffffff;\">&#8212;-<\/span><\/p>\n<p><em><strong>&#8222;Jedoch der schrecklichste der Schrecken ist der Mensch in seinem Wahn&#8220;.<\/strong><\/em><\/p>\n<p>Sehr geehrte Damen und Herren,<\/p>\n<p>mit diesem Zitat von <strong>Friedrich von Schiller <\/strong>informiere ich Sie nachfolgend \u00fcber meinen Protestbrief an das &#8222;Landratsamt&#8220;.<\/p>\n<p>Dabei weise ich auch auf meinen Leserbrief 2007, der leider damals von der PNP nicht ver\u00f6ffentlicht worden ist.<\/p>\n<p>Es geht um Massenmord an schutzlosen Tieren. Das allj\u00e4hrliche Massaker in Wald und Flur droht wieder Anfang November, landesweit \u00fcbrigens.<\/p>\n<p>Erg\u00e4nzend weise ich auf <a href=\"http:\/\/www.abschaffung-der-jagd.de\/\">http:\/\/www.abschaffung-der-jagd.de\/<\/a><\/p>\n<p>woraus erkennbar wird, da\u00df die Mehrheit der Menschen dieses von amtswegen\u00a0privilegierte Treiben von einflu\u00dfreichen Minderheiten (z.B. B\u00fcrgermeister) <strong>ablehnt.<\/strong><\/p>\n<p>Es w\u00e4re zweckdienlich, wenn Sie <strong>noch vor der Wahl <\/strong>\u00fcber diesen Mi\u00dfstand berichten.<\/p>\n<p>Mit freundlichem Gru\u00df<\/p>\n<p>Karlheinz Baumgartl, Heimatforscher und Kosmologe<br \/>\nOberhaus 84367 Zeilarn<\/p>\n<p>&#8212;&#8212;&#8212;&#8212;&#8212;&#8212;&#8212;&#8212;&#8212;&#8212;&#8212;&#8212;&#8212;&#8212;&#8212;&#8212;&#8212;&#8212;&#8212;&#8212;&#8212;&#8212;&#8212;-<\/p>\n<p><span style=\"color: #ffffff;\">&#8212;&#8212;<\/span><\/p>\n<p><strong>Von: Karl-Heinz Baumgartl<br \/>\nAn: <\/strong><a title=\"landkreisverwaltung@rottal-inn.de\" href=\"mailto:landkreisverwaltung@rottal-inn.de\"><strong>landkreisverwaltung@rottal-inn.de<\/strong><\/a><strong> ; <\/strong><a title=\"willi.brandstetter@rottal-inn.de\" href=\"mailto:willi.brandstetter@rottal-inn.de\"><strong>willi.brandstetter@rottal-inn.de<\/strong><\/a><strong><br \/>\nDatum: 21.09.08<br \/>\nBetr.: der Massenmord an Tieren droht wieder im Landkreis<\/strong><\/p>\n<p><strong><span style=\"color: #ffffff;\">&#8212;-<\/span><\/strong><\/p>\n<p>In unserem Land droht allj\u00e4hrlich\u00a0der Massenmord an Tieren durch die Anfang November wieder bevorstehende <strong>Treibjagd<\/strong>, die Sie von amtswegen genehmigen.<\/p>\n<p><strong>Wir protestieren dagegen !<\/strong><\/p>\n<p>Im November 2007 schrieb ich einen <strong>Leserbrief <\/strong>an die PNP (Anlage), der aber nicht abgedruckt wurde. Dies geschah vermutlich mit R\u00fccksicht auf die Minderheit der einflu\u00dfreichen J\u00e4ger. Das ist ein merkw\u00fcrdiges Demokratieverst\u00e4ndnis.<\/p>\n<p>Die J\u00e4ger machen nur 0,3 % unserer Bev\u00f6lkerung aus. Nach einer repr\u00e4sentativen Umfrage des EMNID-Institutes vom September 2003 lehnen 80 % unserer Bev\u00f6lkerung diesen blutigen Freizeitsport ab. Aber\u00a0Sie als Beh\u00f6rde ignorieren das. Sie haben dieses Treiben der einflu\u00dfreichen Minderheiten selbst legalisiert, ja sie verdienen noch daran und berufen sich auf ihre selbstgemachten &#8222;Gesetze&#8220;.<\/p>\n<p>Die Beh\u00f6rde\u00a0mi\u00dfbraucht ihre Macht, denn sie ignoriert den Willen des Volkes und dient stattdessen einer kleinen Minderheit !<\/p>\n<p>Das beanstanden wir. Die Politiker als &#8222;Volksvertreter&#8220; sind ja nicht in der Lage (oder nicht willens !) die Interessen des Volkes zu verwirklichen. Sie alle haben vergessen:\u00a0<\/p>\n<p><strong>Wir sind das Volk !<\/strong>\u00a0<\/p>\n<p>Falls Sie diese Treibjagd nicht verhindern, stellen Sie sich weiter offen gegen die Mehrheit im Volk.<\/p>\n<p>Karlheinz Baumgartl<br \/>\n84367 Zeilarn-Oberhaus<\/p>\n<p>&#8212;&#8212;&#8212;&#8212;&#8212;&#8212;&#8212;&#8212;&#8212;&#8212;&#8212;&#8212;&#8212;&#8212;&#8212;&#8212;&#8212;&#8212;&#8212;&#8212;&#8212;&#8212;&#8212;-<\/p><\/blockquote>\n<\/blockquote>\n<p><span style=\"color: #ffffff;\">&#8212;&#8212;&#8212;&#8212;-<\/span><\/p>\n<p>Geben Sie den Tieren eine Stimme, bitte unterst\u00fctzen Sie den Protest.<\/p>\n<p>F\u00fcr ein Verbot der Jagd auf wildlebende Tiere als Freizeitsport (Hobbyjagd) siehe <a href=\"http:\/\/www.abschaffung-der-jagd.de\/politik\/forderungtierfreundlichelandesjagdgesetze\/index.html\">Forderungen f\u00fcr eine Reform der Landesjagdgesetze<\/a><\/p>\n<p><a title=\"jagdgesetznovellierung72_250.jpg\" href=\"https:\/\/www.jocelyne-lopez.de\/blog\/wp-content\/uploads\/2008\/09\/jagdgesetznovellierung72_250.jpg\"><img decoding=\"async\" src=\"https:\/\/www.jocelyne-lopez.de\/blog\/wp-content\/uploads\/2008\/09\/jagdgesetznovellierung72_250.jpg\" alt=\"jagdgesetznovellierung72_250.jpg\" \/><\/a>\u00a0<\/p>\n<p><span style=\"color: #ffffff;\">&#8212;&#8211;<\/span><\/p>\n<p>(Jocelyne Lopez)<\/p>\n","protected":false},"excerpt":{"rendered":"<p>Ich beziehe mich auf meinen vorherigen Blog-Eintrag\u00a0\u00fcber die allj\u00e4hrliche Treibjagd an Wildtiere im Landkreis Pfarrkirchen &#8211;\u00a0die Anfang November wieder droht und zum \u201eVergn\u00fcgen&#8220; einer Minderheit von einflussreichen B\u00fcrgern und \u201eFreizeitsportlern&#8220; genehmigt wird. Nachstehend wiedergebe ich zwei E-Mail-Ansprachen von Karlheinz Baumgartl an die Verantwortlichen im Landkreis und an die lokale Presse Von:\u00a0Karl-Heinz Baumgartl An:\u00a0\u00a0 bernhard.bopp@wochenblatt.de ; [&hellip;]<\/p>\n","protected":false},"author":3,"featured_media":0,"comment_status":"closed","ping_status":"open","sticky":false,"template":"","format":"standard","meta":{"om_disable_all_campaigns":false,"_monsterinsights_skip_tracking":false,"_monsterinsights_sitenote_active":false,"_monsterinsights_sitenote_note":"","_monsterinsights_sitenote_category":0,"ngg_post_thumbnail":0,"footnotes":""},"categories":[9],"tags":[421,226,419,428,420,7,418,427],"class_list":["post-425","post","type-post","status-publish","format-standard","hentry","category-tierversuche-abschaffen","tag-bernhard-bopp","tag-karlheinz-baumgartl","tag-landkreis-pfarrkirchen","tag-landreisverwaltung-rottal-inn","tag-passauer-neue-presse","tag-tierschutz","tag-treibjagd","tag-willi-brandstetter"],"aioseo_notices":[],"_links":{"self":[{"href":"https:\/\/www.jocelyne-lopez.de\/blog\/wp-json\/wp\/v2\/posts\/425"}],"collection":[{"href":"https:\/\/www.jocelyne-lopez.de\/blog\/wp-json\/wp\/v2\/posts"}],"about":[{"href":"https:\/\/www.jocelyne-lopez.de\/blog\/wp-json\/wp\/v2\/types\/post"}],"author":[{"embeddable":true,"href":"https:\/\/www.jocelyne-lopez.de\/blog\/wp-json\/wp\/v2\/users\/3"}],"replies":[{"embeddable":true,"href":"https:\/\/www.jocelyne-lopez.de\/blog\/wp-json\/wp\/v2\/comments?post=425"}],"version-history":[{"count":0,"href":"https:\/\/www.jocelyne-lopez.de\/blog\/wp-json\/wp\/v2\/posts\/425\/revisions"}],"wp:attachment":[{"href":"https:\/\/www.jocelyne-lopez.de\/blog\/wp-json\/wp\/v2\/media?parent=425"}],"wp:term":[{"taxonomy":"category","embeddable":true,"href":"https:\/\/www.jocelyne-lopez.de\/blog\/wp-json\/wp\/v2\/categories?post=425"},{"taxonomy":"post_tag","embeddable":true,"href":"https:\/\/www.jocelyne-lopez.de\/blog\/wp-json\/wp\/v2\/tags?post=425"}],"curies":[{"name":"wp","href":"https:\/\/api.w.org\/{rel}","templated":true}]}}