{"id":418,"date":"2008-09-10T12:05:11","date_gmt":"2008-09-10T11:05:11","guid":{"rendered":"https:\/\/www.jocelyne-lopez.de\/blog\/?p=418"},"modified":"2008-09-10T16:00:36","modified_gmt":"2008-09-10T15:00:36","slug":"go-mueller-was-haben-antisemitismus-nationalsozialismus-und-volkermord-mit-physik-zu-tun","status":"publish","type":"post","link":"https:\/\/www.jocelyne-lopez.de\/blog\/2008\/09\/go-mueller-was-haben-antisemitismus-nationalsozialismus-und-volkermord-mit-physik-zu-tun\/","title":{"rendered":"G.O. Mueller: Was haben Antisemitismus, Nationalsozialismus und V\u00f6lkermord mit Physik zu tun?"},"content":{"rendered":"<p>Neben meinen Blog-Eintr\u00e4gen <a target=\"_blank\" href=\"https:\/\/www.jocelyne-lopez.de\/blog\/?p=148\">G.O. Mueller: Die besondere Strategie: der verleumderische Antisemitismus-Vorwurf <\/a>und <a rel=\"bookmark\" target=\"_blank\" href=\"https:\/\/www.jocelyne-lopez.de\/blog\/?p=205\"><font color=\"#8e1600\">Eine absurde und vor allem \u00e4u\u00dferst perfide Strategie <\/font><\/a>verweise ich auf eine weitere Thematisierung der Problematik Antisemitismus in der Geschichte der Kritik der Relativit\u00e4tstheorie durch die Forschungsgruppe G.O. Mueller, aus ihrer Dokumentation <a target=\"_blank\" href=\"http:\/\/www.ekkehard-friebe.de\/buch.pdf\">\u00dcber die Absolute Gr\u00f6\u00dfe der Speziellen Relativit\u00e4tstheorie<\/a>\u00a0&#8211; Juni 2004 &#8211; Seite 40:<\/p>\n<blockquote>\n<blockquote><p>In den bisher nachgewiesenen und ausgewerteten theoriekritischen Arbeiten, also Stellungnahmen und Abhandlungen mit physikalischen oder erkenntnis-<br \/>\ntheoretischen Argumentationen, sind bis zum Jahr 1919 keine antisemitischen \u00c4u\u00dferungen enthalten. Die fr\u00fchesten uns bekannt gewordenen F\u00e4lle datieren aus den Jahren 1920 (Rudolf Mewes) und 1921 (Theodor Fritsch, unter Pseudonym Roderich-Stoltheim) und haben nach Umfang und Bedeutung keinen gro\u00dfen Einflu\u00df aus\u00fcben k\u00f6nnen, weil sie aus pers\u00f6nlicher Zur\u00fccksetzung (Mewes) oder sektiererischer Einstellung (Fritsch) motiviert waren.<\/p>\n<p>Die erste bedeutende physikalische Abhandlung mit antisemitischen \u00c4u\u00dferungen stammt mit einer Datierung vom Juli 1922:<\/p>\n<p>LENARD, PHILIPP: \u00dcber \u00c4ther und Ur\u00e4ther. 2., vermehrte Auflage, mit einem Mahnwort an deutsche Naturforscher. Leipzig: Hirzel 1922. 66 S.<br \/>\n[&#8230;]<br \/>\nInsgesamt war die Anzahl von physikalisch argumentierenden Kritikern, die zus\u00e4tzlich antisemitische Tiraden einflochten, au\u00dferordentlich gering. Nach dem bisherigen Stand der Auswertung, der sich selbstverst\u00e4ndlich mit fortschreitender Bearbeitung erh\u00f6hen wird, sind folgende F\u00e4lle aktenkundig, nach Erscheinungsjahren aufgef\u00fchrt:<\/p>\n<p>1920: Mewes, Rudolf<br \/>\n1921: Fritsch, Theodor (unter Pseudonym Roderich-Stoltheim)<br \/>\n1922: Lenard, Philipp; Stark, Johannes; Zboril, J.<br \/>\n1923: Fritsch, Theodor (unter Pseudonym Roderich-Stoltheim)<br \/>\n1931: Hentschel, Willibald<br \/>\n1936: Th\u00fcring, Bruno<br \/>\n1937: Dingler, Hugo; Th\u00fcring, Bruno<br \/>\n1938: Finke, Edmund; Tobien, Waldemar<br \/>\n1940: Arthos [Pseudonym, Italien]; Th\u00fcring, Bruno<br \/>\n1941: May, Eduard<br \/>\n1942: Br\u00fchlmann, Otto; Teichmann, Horst; Vahlen, Theodor<br \/>\n1944: Uller, Karl<\/p>\n<p>Aus rund 3790 kritischen Ver\u00f6ffentlichungen sind bisher als antisemitisch ermittelt worden:<\/p>\n<p>&#8211; 16 Autoren, davon 15 deutsche;<br \/>\n&#8211; insgesamt 19 Ver\u00f6ffentlichungen, davon 18 deutsche;<br \/>\n&#8211; nur Arbeiten aus den Jahren 1920-1944.<\/p>\n<p>Wer zu den Relativit\u00e4tstheorien weitere kritische Ver\u00f6ffentlichungen mit antisemitischem Einschlag kennt, m\u00f6ge Ro\u00df und Reiter nennen. Wir werden alle theoriekritischen Ver\u00f6ffentlichungen nachweisen, unabh\u00e4ngig von anderen Inhalten.<\/p>\n<p>29 Ver\u00f6ffentlichungen w\u00e4ren 1 Prozent der Gesamtmenge: bisher liegt die Zahl der ermittelten F\u00e4lle noch darunter. Mit einer dramatischen Erh\u00f6hung des Prozentsatzes ist nicht zu rechnen, da erfahrungsgem\u00e4\u00df ungehemmt rassistisch hetzende Ver\u00f6ffentlichungen sich nicht mit physikalischen Argumentationen aufhalten und damit aus dem Erfassungshorizont der vorliegenden Dokumentation herausfallen. (Auch die blo\u00dfe Aussage, man sei gegen die Relativit\u00e4tstheorie oder halte sie f\u00fcr falsch, ist noch keine Argumentation und f\u00e4llt deshalb heraus.) Selbst wenn 2 &#8211; 3 Prozent aller theoriekritischen Arbeiten antisemitisch sein sollten, w\u00e4re dies ein au\u00dferordentlich bemerkenswert positives Ergebnis, weil es den Antisemitismus in der Physik wahrscheinlich als weitgehend deutsches Ph\u00e4nomen in einem nur sehr begrenzten Zeitraum und von erstaunlich geringem Umfang erweist. In eklatantem Widerspruch zu dieser Tatsache m\u00f6chten die Relativisten gern verleumderisch den Eindruck erwecken, die meiste Kritik sei nur antisemitisch motiviert.<\/p>\n<p>Auch bei Betrachtung nur der deutschsprachigen Ver\u00f6ffentlichungen aus dem Zeitraum 1920-1944 mit insgesamt ca. 570 Dokumenten stellen die bisher nachgewiesenen 18 antisemitisch gef\u00e4rbten Arbeiten nur rund 3 Prozent dar, was angesichts der Politik w\u00e4hrend der nationalsozialistischen Herrschaft nur erstaunen kann. Sollte die weitere Auswertung diese Zahl deutlich erh\u00f6hen, w\u00e4re es kein Wunder.<\/p>\n<p>Bei weiterer Einschr\u00e4nkung auf die insgesamt 85 deutschsprachigen Arbeiten unter der nationalsozialistischen Herrschaft 1933-1944 w\u00e4ren die f\u00fcr diese Jahre bisher festgestellten ganzen 11 F\u00e4lle von antisemitischer F\u00e4rbung geradezu ein Wunder, bei dem es wohl nicht bleiben wird. Trotzdem sieht es nicht nach einer dramatischen Erh\u00f6hung dieser F\u00e4lle aus: die weit \u00fcberwiegende Mehrzahl der kritischen Ver\u00f6ffentlichungen hat sich erwiesenerma\u00dfen auch unter den Nazis frei von antisemitischer Hetze gehalten.<\/p>\n<p>Diese Befunde unserer bisherigen Auswertung der Dokumentation haben eine gro\u00dfe Bedeutung f\u00fcr die Abwehr einer pauschalen Verleumdung, mit der die Relativisten generell mit Vorliebe und in Deutschland auch mit gro\u00dfem Erfolg arbeiten, n\u00e4mlich der pauschalen Verleumdung der Kritiker als Antisemiten.<\/p>\n<p>(G.O. Mueller)<\/p><\/blockquote>\n<\/blockquote>\n","protected":false},"excerpt":{"rendered":"<p>Neben meinen Blog-Eintr\u00e4gen G.O. Mueller: Die besondere Strategie: der verleumderische Antisemitismus-Vorwurf und Eine absurde und vor allem \u00e4u\u00dferst perfide Strategie verweise ich auf eine weitere Thematisierung der Problematik Antisemitismus in der Geschichte der Kritik der Relativit\u00e4tstheorie durch die Forschungsgruppe G.O. Mueller, aus ihrer Dokumentation \u00dcber die Absolute Gr\u00f6\u00dfe der Speziellen Relativit\u00e4tstheorie\u00a0&#8211; Juni 2004 &#8211; Seite [&hellip;]<\/p>\n","protected":false},"author":3,"featured_media":0,"comment_status":"closed","ping_status":"open","sticky":false,"template":"","format":"standard","meta":{"om_disable_all_campaigns":false,"_monsterinsights_skip_tracking":false,"_monsterinsights_sitenote_active":false,"_monsterinsights_sitenote_note":"","_monsterinsights_sitenote_category":0,"ngg_post_thumbnail":0,"footnotes":""},"categories":[11,13],"tags":[28,16,1336,258],"class_list":["post-418","post","type-post","status-publish","format-standard","hentry","category-go-mueller","category-kritik-der-relativitatstheorie","tag-forschungsgruppe-go-mueller","tag-gom-projekt","tag-kritik-der-relativitatstheorie","tag-relativitatstheorie"],"aioseo_notices":[],"_links":{"self":[{"href":"https:\/\/www.jocelyne-lopez.de\/blog\/wp-json\/wp\/v2\/posts\/418"}],"collection":[{"href":"https:\/\/www.jocelyne-lopez.de\/blog\/wp-json\/wp\/v2\/posts"}],"about":[{"href":"https:\/\/www.jocelyne-lopez.de\/blog\/wp-json\/wp\/v2\/types\/post"}],"author":[{"embeddable":true,"href":"https:\/\/www.jocelyne-lopez.de\/blog\/wp-json\/wp\/v2\/users\/3"}],"replies":[{"embeddable":true,"href":"https:\/\/www.jocelyne-lopez.de\/blog\/wp-json\/wp\/v2\/comments?post=418"}],"version-history":[{"count":0,"href":"https:\/\/www.jocelyne-lopez.de\/blog\/wp-json\/wp\/v2\/posts\/418\/revisions"}],"wp:attachment":[{"href":"https:\/\/www.jocelyne-lopez.de\/blog\/wp-json\/wp\/v2\/media?parent=418"}],"wp:term":[{"taxonomy":"category","embeddable":true,"href":"https:\/\/www.jocelyne-lopez.de\/blog\/wp-json\/wp\/v2\/categories?post=418"},{"taxonomy":"post_tag","embeddable":true,"href":"https:\/\/www.jocelyne-lopez.de\/blog\/wp-json\/wp\/v2\/tags?post=418"}],"curies":[{"name":"wp","href":"https:\/\/api.w.org\/{rel}","templated":true}]}}