{"id":4177,"date":"2009-08-08T06:50:00","date_gmt":"2009-08-08T05:50:00","guid":{"rendered":"https:\/\/www.jocelyne-lopez.de\/blog\/?p=4177"},"modified":"2012-09-23T08:14:13","modified_gmt":"2012-09-23T07:14:13","slug":"hasspropaganda-hetze-und-auch-drohungen-mit-gewalt-gegen-die-kritiker-der-relativitastheorie","status":"publish","type":"post","link":"https:\/\/www.jocelyne-lopez.de\/blog\/2009\/08\/hasspropaganda-hetze-und-auch-drohungen-mit-gewalt-gegen-die-kritiker-der-relativitastheorie\/","title":{"rendered":"Hasspropaganda, Hetze und auch Drohungen mit Gewalt gegen die Kritiker der Relativit\u00e4stheorie"},"content":{"rendered":"<p>Ich\u00a0verweise auf meinen Eintrag <a href=\"https:\/\/www.jocelyne-lopez.de\/blog\/2009\/08\/der-%c2%a7-130-gehort-abgeschafft-das-ist-schrott\/trackback\" target=\"_blank\"><em>Der \u00a7 130 StGB geh\u00f6rt abgeschafft, das ist Schrott<\/em><\/a> und gebe weitere Austausche aus der Diskussion <a href=\"http:\/\/www.politik-sind-wir.de\/showthread.php?t=4449\" target=\"_blank\"><em><strong>Wird die \u00d6ffentlichkeit mit dem <\/strong><\/em><strong><em>\u00a7 130 Volksverhetzung terrorisiert?<\/em><\/strong><\/a>\u00a0im Forum \u2018<em>Politik sind wi<\/em>r\u2019 wieder:<\/p>\n<p>\u00a0\u00a0<\/p>\n<p><em><a href=\"http:\/\/www.politik-sind-wir.de\/showpost.php?p=22559&amp;postcount=35\" target=\"_blank\">30.08.09 Zitat von Fuciflora<\/a><\/em>:<\/p>\n<p>[\u2026] Hat dich diese Bande jemals vor Gericht gebracht? Bist du deshalb jemals verurteilt worden? [&#8230;] Drohungen im Internet k\u00f6nnen dich kalt lassen, es sei denn, es droht dir jemand mit Mord oder sonstwie mit Gewalt. Dann hast du Anspruch auf den Schutz durch die Polizei.\u00a0<br \/>\nIch halte den \u00a7 130 StGB durchaus f\u00fcr verantwortbar.<\/p>\n<p>\u00a0<em>\u00a0<\/em>\u00a0<\/p>\n<p><em><a href=\"http:\/\/www.politik-sind-wir.de\/showpost.php?p=23328&amp;postcount=72\" target=\"_blank\">07.08.09 &#8211; Zitat von Jocelyne Lopez<\/a>:<\/em>\u00a0\u00a0<\/p>\n<p>Hier zum Beispiel auch Drohungen mit physischer Gewalt von der Bande aus dem Forum Alpha Centauri gegen den Kritiker Harald Maurer aus Graz, dokumentiert von einem <a href=\"http:\/\/www.mahag.com\/neufor\/viewtopic.php?f=15&amp;t=27&amp;p=1832&amp;hilit=%2Adrohung%2A#p1832\" target=\"_blank\"><em>Zeuge<\/em><\/a>:<\/p>\n<p style=\"PADDING-LEFT: 60px\">Die furiose Hetze gegen Maurer steigert sich im AC-Forum bereits zu offenen gef\u00e4hrlichen Drohungen.<br \/>\nNat\u00fcrlich von galileo2609: <em><a href=\"http:\/\/www.relativ-kritisch.de\/forum\/viewtopic.php?p=32012&amp;sid=de50825d5fa1389b8eb9f391757f68cf#32012\" target=\"_blank\">hier<\/a><\/em><\/p>\n<p style=\"PADDING-LEFT: 90px\"><em>Das, gutster &#8218;oliver&#8216; sind Ehrabschneidungen, <strong>die auch in der &#8218;Grazer Unterwelt&#8216; zu Folgen f\u00fchren werden<\/strong>.<br \/>\n<strong>Ausserhalb seiner Kellerwelt warten n\u00e4mlich die gnadenlosen &#8218;Relativisten&#8216; auf ihn.<\/strong> Und die sind aus Fleisch, Blut und Adrenalin.<\/em><\/p>\n<p style=\"PADDING-LEFT: 60px\">Hervorhebungen von mir.<br \/>\nEs wird Zeit, den Staatsanwalt zu aktivieren!<\/p>\n<p><em><\/em>\u00a0<\/p>\n<p><em><a href=\"http:\/\/www.politik-sind-wir.de\/showpost.php?p=23265&amp;postcount=66\" target=\"_blank\">06.08.09 \u2013 Zitat von kladi<\/a><\/em>:<\/p>\n<p>Moment mal,<br \/>\nwenn ich Deinen Eingangsbeitrag richtig lese, bist Du nicht als Opfer sondern als T\u00e4ter im Sinne des \u00a7130 im Gespr\u00e4ch.<br \/>\nWas meinst Du dazu?<\/p>\n<p><em>\u00a0<\/em>\u00a0<\/p>\n<p><em><a href=\"http:\/\/www.politik-sind-wir.de\/showpost.php?p=23299&amp;postcount=68\" target=\"_blank\">06.08.09 \u2013 Zitat von Jocelyne Lopez<\/a><\/em>:<\/p>\n<p>Ein Trost f\u00fcr Dich, Kladi:<br \/>\nDu brauchst Dich nicht unbedingt um die L\u00e4nge meiner Gef\u00e4ngnisstrafe bei meinen Verst\u00f6\u00dfen gegen \u00a7 130 festzulegen. Das Urteil soll Dir erspart werden und Dein Verantwortungsbewu\u00dftsein geschont: Diese Profi-Holocaustopfer denken n\u00e4mlich nicht daran, mich anzuzeigen und vor Richter wegen meinen Verbrechen zu stellen, obwohl sie seit Jahren damit drohen: Das sind wie private Milizen, sie \u201e<em>k\u00fcmmern<\/em>\u201c sich selbst um die Verbrecher, siehe zum Beispiel der Extremist \u201e<em>galileo2609<\/em>\u201c:\n<\/p>\n<p style=\"PADDING-LEFT: 60px\"><strong><a href=\"https:\/\/www.jocelyne-lopez.de\/blog\/2008\/02\/warum-%e2%80%9ekuemmert-sich-der-anonyme-administrator-%e2%80%9egalileo2606-des-forums-alpha-centauri-um-die-kritiker-der-relativitaetstheorie\/trackback\" target=\"_blank\"><em>Zitat \u201cgalileo2609\u201d \u2013 Forum Politikforum.de &#8211; 12.02.08<\/em> <\/a><br \/>\n<\/strong><em>Um die \u2018WNO\u2019 k\u00fcmmern sich schon andere, Frau Lopez.<\/em><\/p>\n<p>\u201e<em>galileo2609<\/em>\u201c hat auch offen im <em>Politikforum.de <\/em>zuletzt angek\u00fcndigt, dass ich nicht angezeigt werde, sondern dass die Bande sich selbst weiter um mich \u201e<em>k\u00fcmmern<\/em>\u201c will. Wahrscheinlich sind die Gesetze f\u00fcr meine Verbrechen nach deren Vorstellung wohl zu mild. Was sind 5 Jahre Knast, nicht? Und die Todesstrafe ist in Deutschland abgeschafft, wie Schade. Da haben sie wohl ganz andere Vorstellungen als Bestrafung f\u00fcr eine Bestie wie mich, die sie aus \u201e<em><a href=\"https:\/\/www.jocelyne-lopez.de\/blog\/2008\/02\/bin-ich-aus-der-menschlichen-wertegemeinschaft-ausgetreten\/trackback\" target=\"_blank\">der menschlichen Wertegemeinschaft<\/a><\/em>\u201c schon ausgeschlossen haben, da ist schon \u201e<em>das Schlimmste<\/em>\u201c gerade noch gut:\n<\/p>\n<p style=\"PADDING-LEFT: 60px\"><strong><a href=\"https:\/\/www.jocelyne-lopez.de\/blog\/2008\/02\/michael-hammer-kruse-ein-fall-von-straftatbestand-gemas-anti-stalking-gesetz\/trackback\" target=\"_blank\"><em>Zitat Michael Hammer-Kruse \u2013 Forum Unicum \u2013 04.09.07<\/em><\/a><\/strong><em>:<br \/>\nUnd Du wei\u00dft doch: Da sind wir hartn\u00e4ckig. Es gibt kein Ausweichen, rechne mit dem Schlimmsten.<\/em><\/p>\n<p>\u00a0<br \/>\nSiehe zum Beispiel auch im Forum &#8222;<em>Politikforum.de<\/em>&#8220; \u2013 dessen Administration und Moderation eine sehr sehr sehr auff\u00e4llige Neigung zu faschistischen Methoden der \u201e<em>Kommunikation<\/em>\u201c aufweist \u2013 wie ein Teilnehmer in die Zange von dieser Bande ungehemmt und ungestraft genommen wurde, weil er an einer Tagung des <a href=\"http:\/\/wissenschaftliche-physik.com\/\" target=\"_blank\"><em>Vereins GFWP<\/em><\/a> teilgenommen hat:\n<\/p>\n<p style=\"PADDING-LEFT: 60px\"><a href=\"https:\/\/www.jocelyne-lopez.de\/bilder\/Politikforum_GFWP.doc\" target=\"_blank\"><em>Ausz\u00fcge aus einer Diskussion im Politikforum.de<\/em><\/a><\/p>\n<p>Toll, nicht? Echte Gestapo-Methoden, oder? Die Jungs sind schon wie geschult um Agitation, Ha\u00dfpropaganda und Terrormethoden in der Gesellschaft unbestraft einzusetzen.<\/p>\n<p>Derselbe Teilnehmer wurde auch im uns\u00e4glichen \u201e<em>ScienceBlogs<\/em>\u201c von Thilo Kuessner \u00f6ffentlich aufgefordert, Rechenschaft \u00fcber seine \u201e<em>Motivation<\/em>\u201c abzugeben, die Relativit\u00e4tstheorie zu kritisieren und an einer Tagung des in diesem Blog wiederholt als \u201e<em>Sekte<\/em>\u201c bezeichneten Vereins GFWP teilzunehmen: <a href=\"https:\/\/www.jocelyne-lopez.de\/blog\/2009\/05\/kritik-der-relativitatstheorie-die-grosinquisition-ist-wieder-am-werk\/trackback\" target=\"_blank\"><em>Kritik der Relativit\u00e4tstheorie: Die Gro\u00dfinquisition ist wieder am Werk<\/em><\/a>:<\/p>\n<p style=\"PADDING-LEFT: 60px\"><strong><em><a href=\"http:\/\/www.scienceblogs.de\/mathlog\/2009\/03\/einstein-130.php\" target=\"_blank\">26.05.09 \u2013 Zitat Thilo Kuessner<\/a><\/em><\/strong>:<br \/>\n@ Sebastian Hauk:<br \/>\nWas ist denn Ihre pers\u00f6nliche Motivation, bei der GFWP mitzumachen?<br \/>\nUnd erz\u00e4hlen Sie uns bitte nicht, Sie w\u00fcrden zu den Treffen fahren, um Ihre \u00dcbungsaufgabe (an die ich mich jetzt nur vage erinnere, k\u00f6nnen Sie die vielleicht nochmal posten?) dort von Fachleuten gel\u00f6st zu bekommen.<\/p>\n<p>Also brauchst Du Dich nicht den Kopf zu verbrechen und Dein Verantwortungs-bewu\u00dftsein zu bem\u00fchen, kladi, wie viele Jahre Gef\u00e4ngnis ich f\u00fcr meine Verbrechen bekommen sollte, es wird alles ohne Gesetze und ohne Justiz in Deutschland von privaten Milizen gerichtet, sie \u201e<em>k\u00fcmmern sich<\/em>\u201c schon darum, sch\u00f6n oder? Der gute Justizminister Bernd Busemann zum Beispiel, kann sich in seinem Sessel zur\u00fccklehnen, es entspricht alles der \u201e<em>Rechtslage<\/em>\u201c\u00a0 und es l\u00e4sst sich wohl f\u00fcr ihn und seine Freunde in <a href=\"https:\/\/www.jocelyne-lopez.de\/blog\/2009\/07\/die-bananenrepublik-des-herrn-bernd-busemanns\/trackback\" target=\"_blank\"><em>seiner Bananenrepublik Niedersachsen<\/em><\/a>\u00a0gut leben, ist die Hauptsache. Die Politiker, das Bundesjustizministerium, das Bundesministerium f\u00fcr Bildung und Forschung, die Staatsanwaltschaften, die Journalisten\u00a0und die \u00d6ffentlichkeit gucken alle seit Jahren zu. Ist wohl sehr unterhaltsam, das Schrottgesetz \u00a7 130.<\/p>\n<p>\u00a0<\/p>\n<p><a href=\"http:\/\/www.politik-sind-wir.de\/showpost.php?p=23309&amp;postcount=69\" target=\"_blank\"><em>06.08.09 \u2013 Zitat von kladi<\/em><\/a><em>:<\/em>\u00a0\u00a0<\/p>\n<p>Ich habe auch keinerlei Wertung vorgenommen und keine Beschuldigung vorgebracht. Ich schlie\u00dfe mich weitgehend der Meinung Deines Verteidigers Ernst an (<em><a href=\"https:\/\/www.jocelyne-lopez.de\/blog\/2009\/08\/habe-ich-nun-den-holocaust-relativiert-oder-den-holocaust-geleugnet\/trackback\" target=\"_blank\">hier<\/a><\/em>):\n<\/p>\n<p style=\"PADDING-LEFT: 60px\"><em>Frau Lopez hat viel Mist und moralisch Verwerfliches geschrieben, aber den Holocaust nicht geleugnet. Sie hat den ihr zuteil werdenden Widerspruch mt den Taten der Nazis verglichen und sich damit mit den Opfern auf eine Stufe gestellt, das ist richtig. Das ist allerdings eine Holocaustrelativierung bzw Verharmlosung, keine Leugnung.<\/em><\/p>\n<p>\u00a0<\/p>\n<p><a href=\"http:\/\/www.politik-sind-wir.de\/showpost.php?p=23316&amp;postcount=70\" target=\"_blank\"><em>06.08.09 \u2013 Zitat von Jocelyne Lopez<\/em><\/a><em>:<\/em>\u00a0\u00a0<\/p>\n<p>Ich mache Dich darauf aufmerksam, dass mein \u201e<em>Verteidiger Ernst<\/em>\u201c mich anonym in der \u00d6ffentlichkeit beschuldigt, den Holocaust relativiert bzw. verharmlost zu haben. Du beschuldigst mich also auch anonym wie \u201e<em>mein Verteidiger Ernst<\/em>\u201c den Holocaust relativiert zu haben &#8211; vonwegen &#8222;<em>keinerlei Wertung und keine Beschuldigung<\/em>&#8222;.<\/p>\n<p>Darauf steht n\u00e4mlich im \u00a7 130 StGB bis zu 5 Jahren Gef\u00e4ngnis, siehe weiter oben der Text des Gesetzes, der freundlicherweise von der verantwortungsbewu\u00dften Fuciflora gepostet wurde:<\/p>\n<p style=\"PADDING-LEFT: 60px\"><em>(3) Mit Freiheitsstrafe bis zu f\u00fcnf Jahren oder mit Geldstrafe wird bestraft, wer eine unter der Herrschaft des Nationalsozialismus begangene Handlung der in \u00a7 6 Abs. 1 des V\u00f6lkerstrafgesetzbuches bezeichneten Art in einer Weise, die geeignet ist, den \u00f6ffentlichen Frieden zu st\u00f6ren, \u00f6ffentlich oder in einer Versammlung billigt, leugnet oder verharmlost.<\/em><\/p>\n<p style=\"PADDING-LEFT: 60px\"><em><\/em>\u00a0<\/p>\n<p>Du kannst das wahrscheinlich auch belegen, dass ich den Holocaust relativiert bzw. verharmlost habe, oder? Dann tu das. Bitte verlinke meine Aussagen.<\/p>\n<p>Du kannst es mit Deinem Verantwortungsgef\u00fchl wahrscheinlich nicht akzeptieren und muss mich wegen diesem Gesetzversto\u00df anzeigen, wenn Du mich schon \u00f6ffentlich damit beschuldigt. Dann tu das und geh zu der Polizeistelle Deines Wohnsitzes, keine Bange, Du darfst weiterhin anonym bleiben. Du darfst auch gerne mit meinem &#8222;<em>Verteidiger Ernst<\/em>&#8220; hingehen und gemeinsam Anzeige erstatten, zu zweit seid Ihr bestimmt mutiger.<\/p>\n<p>Ich kann wahrscheinlich vom Gl\u00fcck reden, dass Du Dich der Meinung meines &#8222;<em>Verteidigers Ernst<\/em>&#8220; anschlie\u00dft, der mich der Holocaustverharmlosung bezichtigt, und nicht der Meinung seines Gespr\u00e4chspartners &#8222;<em>webfox<\/em>&#8220; in der uns\u00e4glichen Diskussion &#8222;<em>Einstein und die Cranks<\/em>&#8220; im <a href=\"https:\/\/www.jocelyne-lopez.de\/blog\/2009\/06\/weitere-vorfalle-im-blog-von-herrn-thilo-kuessner\/trackback\" target=\"_blank\"><em>ScienceBlog von Thilo Kuessner<\/em><\/a>. Hier zum Beispiel eine der E-Mails, die der anonyme Teilnehmer &#8222;<em>webfox<\/em>&#8220; an einen Mitglied des Vereins GFWP e.V. geschickt hat:<\/p>\n<p style=\"PADDING-LEFT: 60px\"><em>hall herr xxx, webfox hier,<\/em><\/p>\n<p style=\"PADDING-LEFT: 60px\"><em>dacht ich#s mir doch. alte braune pestillenz, nichtswisser und l\u00fcgner<\/em><\/p>\n<p style=\"PADDING-LEFT: 60px\"><em>ich habe mal in ihrem umfeld recherchiert. herr xxx, herr xxxx, ich mu\u00df schon sagen..alles antisemiten mit den sie es zu tun haben.<br \/>\n<\/em><em>wie zb den kartenleger und ersoteriker p.ripota, oder den abgehalfterten s\u00e4nger chr. anders.<\/em>\n<\/p>\n<p style=\"PADDING-LEFT: 60px\"><em>weiter geht es mit der hier, gefunden im forum WumV, jener &#8218;erfahrenen webmasterin&#8216; Frau Jocelyne Lopez. Lopez ist kein webmaster sonder eine ;holocaustleugnerin vor dem herrn. raussgeflogen in allen foren wegen beleidigung und verleumdung.<\/em><\/p>\n<p style=\"PADDING-LEFT: 60px\"><em>dann GOM, ein gewisser Friebe, und die &#8218;Gesellschaft zur F\u00f6rderung der wissenschaftlichen Physik e.V. &#8211; GFWP&#8216;.<br \/>\nals ich mir die bilder der &#8218;Tagung 2008 der GFWP in Salzburg&#8216; ansah, hatte ich den eindruck es handele sich um eine werbe- und verkaufsveranstaltung f\u00fcr inkontinezartikel. halten sie ihre vortr\u00e4ge immer in einem altersheim?<\/em><\/p>\n<p style=\"PADDING-LEFT: 60px\"><em>jetzt ist mir auch klar was sie mit &#8218;anonym&#8216; meinen.<br \/>\nwer sie, und nicht nur sie, eine antisemtien bezeichnet mu\u00df mit sanktionen rechnen. einsch\u00fcchterung ist ihr motto, genau wie bei lopez.<br \/>\ndann dieser r\u00f6sch, OStR Peter R\u00f6sch, der geh\u00f6rt aus dem schuldiest gefeuert, hochkant.<br \/>\nNaja, albert einstein lebt, seine Rt SRT lebt und wird sie und ihre braune bande \u00fcberleben.<\/em>\n<\/p>\n<p style=\"PADDING-LEFT: 60px\"><em>herzliche gr\u00fc\u00dfe, webfox<\/em>:<\/p>\n<p>Ha\u00df, Verleumdung, Hetze, Beleidigungen, Drohungen. Toll, oder?<\/p>\n<p>Au\u00dfer der \u00f6ffentlichen Anschuldigung der Holocaustverharmlosung, wo Du Dich meinem &#8222;<em>Verteidiger Ernst<\/em>&#8220; anschlie\u00dft, teilst Du warscheinlich auch die Meinung eines anderen Teilnehmers aus dieser Diskussion, nehme ich mal stark an:<\/p>\n<p>\u00a0\u00a0<\/p>\n<p><a href=\"http:\/\/www.politik-sind-wir.de\/showpost.php?p=23352&amp;postcount=74\" target=\"_blank\"><em>07.08.09 \u2013 Zitat von kladi<\/em><\/a>:<\/p>\n<p>War&#8217;s das schon?<br \/>\nDu hast doch sicherlich noch mehr Beispiele daf\u00fcr, dass das Volk gegen Dich gehetzt hat, und somit der &#8222;Volksverhetzungsparagraph&#8220; greifen m\u00fcsste.<\/p>\n<p style=\"PADDING-LEFT: 30px\">\u00a0<\/p>\n<p><a href=\"http:\/\/www.politik-sind-wir.de\/showpost.php?p=23369&amp;postcount=75\" target=\"_blank\"><em>07.08.09 \u2013 Zitat von Jocelyne Lopez<\/em><\/a>:<\/p>\n<p>Nein, kladi, Du hast wieder nichts verstanden aus diesem langen Thread:<\/p>\n<p>Nicht &#8222;<em>das Volk<\/em>&#8220; hetzt mit \u00a7 130 und mit Holocaust-Tralala gegen mich, sondern eine Bande von miesen Ganoven und Profi-Holocaustopfern hetzt seit Jahren unbestraft im deutschprachigen Internet gegen die Bev\u00f6lkerungsgruppe &#8222;<em>Kritiker der Relativit\u00e4tstheorie<\/em>&#8222;, Du miteingeschlossen &#8211; ich erinnere daran, dass Du mich n\u00e4mlich in der \u00d6ffentlichkeit, zum Beispiel hier in diesem Forum anonym unter dem Nick &#8222;<em>kladi<\/em>&#8222;, der Holocaustverharmlosung bezichtigt hast, zusammen mit meinem anonymen &#8222;<em>Verteidiger Ernst<\/em>&#8220; im ScienceBlog von Thilo Kuessner. Und auf\u00a0 Holocaustverharmlosung steht im \u00a7 130 bis zu 5 Jahren Freiheitsstrafe. Das ist keine Lappalie, zumindest nicht f\u00fcr mich. F\u00fcr Dich offensichtlich ja. Du f\u00fchlst Dich auch nicht verpflichtet, Deine Anschuldigung zu belegen, ich warte ja immer noch auf die Verlinkung meiner Aussagen, wo ich den Holocaust verharmlost haben sollte. Ist wohl in Deinen Augen nicht notwendig, wozu auch in einer <a href=\"https:\/\/www.jocelyne-lopez.de\/blog\/2008\/08\/bananenrepublik-deutschland\/trackback\" target=\"_blank\"><em>Bananenrepublik Deutschland<\/em><\/a>, oder? Daf\u00fcr f\u00fchlst Du Dich wie Fuciflora wohl ungemein verantwortlich, dass &#8222;<em>so etwas sich nie mehr wiederholen kann<\/em>&#8222;. Ich sollte also zusammen mit allen Kritikern der Relativit\u00e4tstheorie und allen Tierversuchsgegnern f\u00fcr mindestens 5 Jahre ins Gef\u00e4ngnis gesteckt werden, damit man sicher wird &#8222;<em>dass so etwas sich nie mehr wiederholen kann<\/em>&#8222;.<\/p>\n<p>Nein, kladi, nicht &#8222;<em>das Volk<\/em>&#8220; hetzt gegen Bev\u00f6lkerungsgruppen im Namen des \u00a7 130, sondern eine Bande von miesen Ganoven, Extremisten und politischen Agitatoren, seit Jahren, tagt\u00e4glich, vor der Nase von zehntausenden von Zeugen, vor der Nase der Politiker, der Staatsanwaltschaften, des Bundesjustizministeriums, des Bundesministeriums f\u00fcr Bildung und Forschung, der Journalisten, der Verantwortungstr\u00e4ger, der Meinungsmacher, der \u00d6ffentlichkeit. Und alle schweigen. Und es ist nichts zu machen, um diesem Spuk ein Ende zu setzen, der in einem Rechtsstaat nichts zu suchen hat, siehe zum Beispiel:<\/p>\n<p><a href=\"https:\/\/www.jocelyne-lopez.de\/blog\/2009\/07\/selbstjustiz-und-selbstzensur-wie-in-diktaturen\/trackback\" target=\"_blank\"><em>Selbstjustiz und Selbstzensur, wie in Diktaturen<\/em><\/a><br \/>\noder<br \/>\n<a href=\"https:\/\/www.jocelyne-lopez.de\/blog\/2009\/03\/einsatz-von-faschistischen-methoden-in-der-gesellschaft\/trackback\" target=\"_blank\"><em>Einsatz von faschistischen Methoden in der Gesellschaft<\/em><\/a><br \/>\noder<br \/>\n<a href=\"https:\/\/www.jocelyne-lopez.de\/blog\/2009\/08\/%c2%a7-130-stgb-ermoglicht-gesellschaftliche-zustande-die-einem-rechtsstaat-nicht-wurdig-sind\/trackback\" target=\"_blank\"><em>\u00a7 130 StGB erm\u00f6glicht gesellschaftliche Zust\u00e4nde, die einem Rechtsstaat nicht w\u00fcrdig sind<\/em><\/a>.<\/p>\n<p>Das Schrott-Gesetz \u00a7 130 geh\u00f6rt abgeschafft.<\/p>\n<p>(Jocelyne Lopez)<\/p>\n","protected":false},"excerpt":{"rendered":"<p>Ich\u00a0verweise auf meinen Eintrag Der \u00a7 130 StGB geh\u00f6rt abgeschafft, das ist Schrott und gebe weitere Austausche aus der Diskussion Wird die \u00d6ffentlichkeit mit dem \u00a7 130 Volksverhetzung terrorisiert?\u00a0im Forum \u2018Politik sind wir\u2019 wieder: \u00a0\u00a0 30.08.09 Zitat von Fuciflora: [\u2026] Hat dich diese Bande jemals vor Gericht gebracht? Bist du deshalb jemals verurteilt worden? [&#8230;] [&hellip;]<\/p>\n","protected":false},"author":3,"featured_media":0,"comment_status":"closed","ping_status":"open","sticky":false,"template":"","format":"standard","meta":{"om_disable_all_campaigns":false,"_monsterinsights_skip_tracking":false,"_monsterinsights_sitenote_active":false,"_monsterinsights_sitenote_note":"","_monsterinsights_sitenote_category":0,"ngg_post_thumbnail":0,"footnotes":""},"categories":[13,9],"tags":[119,547,241,492,1336,239,494,542,516,1334,554],"class_list":["post-4177","post","type-post","status-publish","format-standard","hentry","category-kritik-der-relativitatstheorie","category-tierversuche-abschaffen","tag-annette-schavan","tag-bernd-busemann","tag-brigitte-zypries","tag-gerhard-hollaschke","tag-kritik-der-relativitatstheorie","tag-michael-hammer-kruse","tag-ralf-kellerbauer","tag-scienceblogs","tag-thilo-kuessner","tag-tierversuche-abschaffen","tag--130-stgb"],"aioseo_notices":[],"_links":{"self":[{"href":"https:\/\/www.jocelyne-lopez.de\/blog\/wp-json\/wp\/v2\/posts\/4177"}],"collection":[{"href":"https:\/\/www.jocelyne-lopez.de\/blog\/wp-json\/wp\/v2\/posts"}],"about":[{"href":"https:\/\/www.jocelyne-lopez.de\/blog\/wp-json\/wp\/v2\/types\/post"}],"author":[{"embeddable":true,"href":"https:\/\/www.jocelyne-lopez.de\/blog\/wp-json\/wp\/v2\/users\/3"}],"replies":[{"embeddable":true,"href":"https:\/\/www.jocelyne-lopez.de\/blog\/wp-json\/wp\/v2\/comments?post=4177"}],"version-history":[{"count":0,"href":"https:\/\/www.jocelyne-lopez.de\/blog\/wp-json\/wp\/v2\/posts\/4177\/revisions"}],"wp:attachment":[{"href":"https:\/\/www.jocelyne-lopez.de\/blog\/wp-json\/wp\/v2\/media?parent=4177"}],"wp:term":[{"taxonomy":"category","embeddable":true,"href":"https:\/\/www.jocelyne-lopez.de\/blog\/wp-json\/wp\/v2\/categories?post=4177"},{"taxonomy":"post_tag","embeddable":true,"href":"https:\/\/www.jocelyne-lopez.de\/blog\/wp-json\/wp\/v2\/tags?post=4177"}],"curies":[{"name":"wp","href":"https:\/\/api.w.org\/{rel}","templated":true}]}}