{"id":414,"date":"2008-09-02T19:04:06","date_gmt":"2008-09-02T18:04:06","guid":{"rendered":"https:\/\/www.jocelyne-lopez.de\/blog\/?p=414"},"modified":"2008-09-02T19:27:36","modified_gmt":"2008-09-02T18:27:36","slug":"austausch-mit-herrn-dr-markus-poessel-vom-3108020908","status":"publish","type":"post","link":"https:\/\/www.jocelyne-lopez.de\/blog\/2008\/09\/austausch-mit-herrn-dr-markus-poessel-vom-3108020908\/","title":{"rendered":"Austausch mit Herrn Dr. Markus Poessel vom 31.08.\/02.09.08"},"content":{"rendered":"<p>Ich erhielt im Zusammenhang mit dem <a target=\"_blank\" href=\"https:\/\/www.jocelyne-lopez.de\/blog\/?p=409\">Austausch mit Herrn Dr. Markus P\u00f6ssel vom 24.\/26.08.08<\/a> folgende E-Mail-Antwort:<\/p>\n<blockquote>\n<blockquote><p><strong>Von Markus P\u00f6ssel<br \/>\n<\/strong><strong>An Jocelyne Lopez<br \/>\n<\/strong><strong>Datum: 31.08.08<br \/>\n<\/strong><strong>Betr: Re: Fragen zur Speziellen Relativit\u00e4tstheorie<\/strong><\/p>\n<p>Sehr geehrte Frau Lopez,<\/p>\n<p>ich habe mich bereits vor laengerer Zeit sowohl mit der historischen Rezeptionsgeschichte der Relativitaetstheorie als auch mit den Thesen zeitgenoessischer Relativitaetskritiker auseinandergesetzt. Meine Bemerkung bezog sich lediglich darauf, dass ich diese E-Mail-Diskussion aus Zeitgruenden nicht auffaechern und auf alle moeglichen anderen Fragen erweitern, sondern moeglichst dicht bei der urspruenglichen Fragestellung bleiben moechte. Beim jetzigen Stand der Diskussion sind wir da, soweit ich sehen kann, bei den Grundlagen der Abstandsmessung gelandet.<\/p>\n<p>Dazu habe ich denn auch gleich eine Frage an Sie. Sie argumentieren in Ihrer letzten Mail, Laengen und Strecken seien nur richtig messbar, wenn Maszstab und Objekt relativ zueinander ruhen. Wie misst denn dann in Ihrem Strandbeispiel der am Strand ruhende Beobachter die Geschwindigkeit der Welle? Dazu muss dieser Beobachter schliesslich verfolgen, wie sich die Strecke zwischen einem am Strand ruhenden Bezugspunkt und einem geeigneten Bezugspunkt auf der nahenden Welle aendert. Und der Maszstab kann ja nicht sowohl relativ zur Welle als auch relativ zum Bezugspunkt am Strand ruhen.<\/p>\n<p>Mit den besten Gruessen,<br \/>\nMarkus Poessel<\/p>\n<p>P.S.: Meine Bemerkung zu den Eigenschaften von Atomen bezog sich auf die zwischen 1960 und 1983 offizielle Definition des Meters. Es ging dabei nur um die Feststellung, dass sich die Laengenkontraktion nicht auf eine von Beobachter zu Beobachter unterschiedliche Wahl der Laengeneinheit zurueckfuehren laesst.<\/p><\/blockquote>\n<\/blockquote>\n<p><font color=\"#ffffff\">&#8212;&#8212;<\/font><\/p>\n<p>Dazu meine Antwort vom 02.09.08:<\/p>\n<blockquote>\n<blockquote><p><strong>Von Jocelyne Lopez<\/strong><br \/>\n<strong>An Markus P\u00f6ssel<\/strong><br \/>\n<strong>Datum: 02.09.08<br \/>\n<\/strong><strong><strong>Meine Anfrage vom 17.06.08<\/strong><\/strong><br \/>\n<strong>Ihre Antwort vom 30.06.07<\/strong><br \/>\n<strong>Meine R\u00fcckfrage vom 01.07.08<\/strong><br \/>\n<strong>Meine R\u00fcckfrage vom 12.07.08<\/strong><br \/>\n<strong>Unser Austausch vom 21.07.08<\/strong><br \/>\n<strong>Unser Austausch vom 24.\/25.07.08<\/strong><br \/>\n<strong>Unser Austausch vom 26.\/27.07.08<\/strong><br \/>\n<strong>Unser Austausch vom 31.07.\/01.08.08<\/strong><br \/>\n<strong>Unser Austausch vom 04.\/05.08.08<\/strong><br \/>\n<strong>Unser Austausch vom 07.08.08<\/strong><strong><br \/>\n<strong>Unser Austausch vom 10.\/12.08.08<\/strong><br \/>\n<strong>Unser Austausch vom 17.\/19.08.08<\/strong><\/strong><strong><br \/>\nUnser Austausch vom 24.\/26.08.08<\/strong><\/p>\n<p>Sehr geehrter Herr Dr. P\u00f6ssel,<\/p>\n<p>Vielen Dank f\u00fcr Ihre E-Mail vom 31.08.08.<br \/>\nSie schreiben:<\/p>\n<blockquote>\n<blockquote><p><em>Dazu habe ich denn auch gleich eine Frage an Sie. Sie argumentieren in Ihrer letzten Mail, Laengen und Strecken seien nur richtig messbar, wenn Maszstab und Objekt relativ zueinander ruhen. Wie misst denn dann in Ihrem Strandbeispiel der am Strand ruhende Beobachter die Geschwindigkeit der<br \/>\nWelle?<br \/>\n\u00a0<\/em><em><font color=\"#ffffff\">&#8212;-<\/font><\/em><\/p><\/blockquote>\n<\/blockquote>\n<p>Wie man die Ausbreitungsgeschwindigkeit einer Wasserwelle auf einer gemessenen Strecke durch einen ruhenden Beobachter misst, entnehmen Sie bitte z.B. folgender Wikipedia-Seite, mit dem Beispiel einer Strecke von 1 km (wie in meinem Strandexperiment): <a href=\"http:\/\/de.wikipedia.org\/wiki\/Wasserwelle\">http:\/\/de.wikipedia.org\/wiki\/Wasserwelle<\/a><\/p>\n<blockquote><p><em>\u201eBei einer Wellenl\u00e4nge von 1\u00a0km betr\u00e4gt die Ausbreitungsgeschwindigkeit ca. 140\u00a0km\/h und die Periode 25\u00a0s, bei einer Wellenl\u00e4nge von 100\u00a0m ca. 50\u00a0km\/h und 8\u00a0s&#8220;.<\/em><\/p><\/blockquote>\n<p>wobei ich davon ausgehe, dass die hier angegebenen Strecken \u201e<em>1 km<\/em>&#8220; oder<br \/>\n\u201e<em>100 m<\/em>&#8220; durch optische Markierungen mit den Vermessungsinstrumenten bei relativ zur Welle ruhendem Beobachter optisch abgesteckt werden.\u00a0<\/p>\n<p>Vielleicht kann auch mit bewegten Radaren, also mit bewegten Beobachtern, die zur\u00fcckgelegte Strecke einer Wasserwelle zwischen A und B \u00a0gemessen werden, das wei\u00df ich nicht.<\/p>\n<p>Auf jeden Fall mu\u00df nach meinem Verst\u00e4ndnis eine optisch markierte Strecke von A nach B gemessen werden, sonst wird man wohl kaum die Ausbreitungs-<br \/>\ngeschwindigkeit einer Wasserwelle bestimmen k\u00f6nnen. Genauso wurde auch f\u00fcr die Messung einer Lichtwelle eine markierte Strecke gemessen, mit einer ruhenden Messvorrichtung: Der zur\u00fcckgelegte Lichtweg wurde ja immer von einem zur Lichtquelle\/zur Strecke\u00a0ruhenden Messtechniker gemessen.<\/p>\n<p>Sie schreiben:<\/p>\n<blockquote>\n<blockquote><p><em>Meine Bemerkung bezog sich lediglich darauf, dass ich diese E-Mail-Diskussion aus Zeitgruenden nicht auffaechern und auf alle moeglichen anderen Fragen erweitern, sondern moeglichst dicht bei der urspruenglichen Fragestellung bleiben moechte. Beim jetzigen Stand der Diskussion sind wir da, soweit ich sehen kann, bei den Grundlagen der Abstandsmessung gelandet.<br \/>\n<\/em><font color=\"#ffffff\">&#8212;<\/font><br \/>\n\u00a0<\/p><\/blockquote>\n<\/blockquote>\n<p>Ich fasse also kurz meine Verst\u00e4ndnisprobleme bei der von Albert Einstein postulierten relativistischen L\u00e4ngenkontraktion zusammen unter Ber\u00fccksichtigung eines schon erreichten Teilkonsenses:<br \/>\n<font color=\"#ffffff\">&#8212;-<\/font><br \/>\n<strong>1) <u>Kausalit\u00e4t der relativistischen L\u00e4ngenkontraktion<\/u><\/strong>:<\/p>\n<blockquote><p>a) Sie erkennen, dass ein Objekt (oder eine Strecke) <u>nur eine einzige materielle L\u00e4nge hat<\/u>, und dass sich diese materielle L\u00e4nge bei Bewegung des Objektes <u>nicht ver\u00e4ndert<\/u>: &#8222;<em>Die Laengenkontraktion geht nicht mit materiellen Veraenderungen des Koerpers einher<\/em>&#8220; (Ihre E-Mail vom 17.08.08).<\/p>\n<p>b) Sie erkennen folglich auch damit, dass ein materieller Ma\u00dfstab <u>nur eine einzige materielle L\u00e4nge hat<\/u>, und dass sich diese materielle L\u00e4nge bei Bewegung des Ma\u00dfstabes <u>nicht ver\u00e4ndert<\/u>.<br \/>\n<font color=\"#ffffff\">&#8212;<\/font><\/p><\/blockquote>\n<p>Wie kann dann eine \u201e<em>Verk\u00fcrzung<\/em>&#8220; der unver\u00e4nderlichen materiellen L\u00e4nge eines Objektes, gemessen mit der unver\u00e4nderlichen materiellen L\u00e4nge eines Ma\u00dfstabes bei einer L\u00e4ngenmessung zustande kommen?<\/p>\n<p>Ich erinnere daran, dass eine L\u00e4ngenmessung <u>ein Vergleich zwischen Objekt und Ma\u00dfstab ist<\/u>. Wenn keines der beiden sich bei Bewegungszustand materiell ver\u00e4ndert, wie sie es selbst ausdr\u00fccklich voraussetzen, darf auch keine Verk\u00fcrzung beim Vergleich festgestellt werden, weder materiell noch per Me\u00dfkonvention.<\/p>\n<p>Woher kommt also die in der Speziellen Relativit\u00e4tstheorie postulierte L\u00e4ngenverk\u00fcrzung des Objektes bei zueinander bewegtem Objekt und Ma\u00dfstab? Was soll die Kausalit\u00e4t sein, die diese postulierte Verk\u00fcrzung verursacht, wenn sie weder materiell m\u00f6glich, noch per anerkannter Me\u00dfkonvention zul\u00e4ssig ist? Ein Ma\u00dfstab wird ja in der Messkunde immer per Konvention als unver\u00e4nderlich vorausgesetzt, das leuchtet wohl jedem ein, sonst kann man jegliche Messungen und die Physik als messende Wissenschaft getrost vergessen. Verk\u00fcrzt sich dann gem\u00e4\u00df Spezieller Relativit\u00e4tstheorie bei einer Relativbewegung das Objekt und nicht der Ma\u00dfstab? Verk\u00fcrzt sich der Ma\u00dfstab und nicht das Objekt? Wie soll das \u00fcberhaupt m\u00f6glich bzw. zul\u00e4ssig sein, ohne das Fundament der Physik als messende Wissenschaft zu vernichten?\u00a0<\/p>\n<p><font color=\"#ffffff\">&#8212;-<\/font><\/p>\n<p><strong>2) <u>Realit\u00e4t der relativistischen L\u00e4ngenkontraktion<\/u>:<\/strong><\/p>\n<p>Wir sind uns auch bestimmt dar\u00fcber einig, dass ein physikalisches Ereignis in der Realit\u00e4t <u>einmalig<\/u> ist: Es findet <u>einmalig<\/u> statt, an einem <u>einmaligen<\/u> Ort zu einem <u>einmaligen<\/u> Zeitpunkt. Und nicht zwei Mal, und nicht an zwei verschiedenen Orten, und nicht an zwei verschiedenen Zeitpunkten. Zumindest nicht in der Realit\u00e4t, zumindest nicht in der Wissenschaft, zumindest nicht in der Physik.<\/p>\n<p>Wenn also f\u00fcr ein und dasselbe physikalisches Ereignis zwei Messungen unterschiedlich ausfallen, ist nur eine einzige logische Folgerung g\u00fcltig und zul\u00e4ssig: <u>Eine der Messungen ist falsch<\/u> (oder aber beide sind falsch, diese Verkn\u00fcpfung ist auch zul\u00e4ssig). Auf gar keinen Fall ist die Folgerung zul\u00e4ssig, <strong><u>dass beide wahr sind<\/u><\/strong>! Sie schlie\u00dfen sich in der Logik gegenseitig v\u00f6llig und definitiv aus. Sind wir uns \u00fcber die Ung\u00fcltigkeit und die Unzul\u00e4ssigkeit dieser letzten Folgerung einig?<\/p>\n<p>Das kann man sich z.B. mit meinem Strand-Gedankenexperiment veranschaulicht vorstellen:<br \/>\n<font color=\"#ffffff\">&#8212;<\/font><\/p>\n<p>&#8211; Der Beobachter A kann sich nur mit <strong><u>einer einzigen Geschwindigkeit<\/u><\/strong> zur Wasserwelle bewegen: Entweder mit 70 km\/h <strong><u>ODER<\/u><\/strong> mit 73 km\/h\u00a0 &#8211; und auf gar keinen Fall mit 70 km\/h <strong><u>UND<\/u><\/strong> 73 km\/h. Diese letzte Verkn\u00fcpfung ist logisch ung\u00fcltig und unzul\u00e4ssig. Nur eine einzige dieser zwei Relativgeschwindigkeiten des Beobachters A zur Wasserwelle ist also wahr, beide zusammen geht definitiv nicht. Welche der beiden Relativgeschwindigkeiten ist wahr und welche ist falsch?<\/p>\n<p>a) 73 km\/h (gem\u00e4\u00df klassischer Geschwindigkeitsaddition)?<\/p>\n<p><strong><u>ODER<\/u><\/strong><\/p>\n<p>b) 70 km\/h (gem\u00e4\u00df relativistischer Geschwindigkeitsaddition)?<\/p>\n<p><font color=\"#ffffff\">&#8212;-<\/font><\/p>\n<p>&#8211; Der Beobachter A kann nicht 2 Mal an zwei verschiedenen Orten zu zwei verschiedenen Zeitpunkten von der Wasserwelle erreicht werden, sondern <strong><u>nur ein Mal an einem einzigen Ort zu einem einzigen Zeitpunkt.<\/u><\/strong> Welche der beiden Berechnungen f\u00fcr die Begegnung des Beobachters A mit der Wasserwelle ist also wahr und welche ist falsch? Beide zusammen geht definitiv nicht.<\/p>\n<p>a) Die Berechnung des Orts und des Zeitpunkts nach der klassischen Physik?<\/p>\n<p><strong><u>ODER<\/u><\/strong><\/p>\n<p>b) Die Berechnung des Orts und des Zeitpunkts nach der Speziellen Relativit\u00e4tstheorie?<\/p>\n<p><font color=\"#ffffff\">&#8212;<\/font><\/p>\n<p>K\u00f6nnten<strong> <\/strong>Sie mir bitte diese Fragen auch eindeutig beantworten und klar dazu Stellung nehmen? Das w\u00fcrde mich weiterbringen, sie sind n\u00e4mlich der Kernpunkt meines pers\u00f6nlichen Verst\u00e4ndnisproblems bei der Speziellen Relativit\u00e4tstheorie.<\/p>\n<p>Mit freundlichen Gr\u00fc\u00dfen<br \/>\nJocelyne Lopez<\/p><\/blockquote>\n<\/blockquote>\n","protected":false},"excerpt":{"rendered":"<p>Ich erhielt im Zusammenhang mit dem Austausch mit Herrn Dr. Markus P\u00f6ssel vom 24.\/26.08.08 folgende E-Mail-Antwort: Von Markus P\u00f6ssel An Jocelyne Lopez Datum: 31.08.08 Betr: Re: Fragen zur Speziellen Relativit\u00e4tstheorie Sehr geehrte Frau Lopez, ich habe mich bereits vor laengerer Zeit sowohl mit der historischen Rezeptionsgeschichte der Relativitaetstheorie als auch mit den Thesen zeitgenoessischer Relativitaetskritiker [&hellip;]<\/p>\n","protected":false},"author":3,"featured_media":0,"comment_status":"closed","ping_status":"open","sticky":false,"template":"","format":"standard","meta":{"om_disable_all_campaigns":false,"_monsterinsights_skip_tracking":false,"_monsterinsights_sitenote_active":false,"_monsterinsights_sitenote_note":"","_monsterinsights_sitenote_category":0,"ngg_post_thumbnail":0,"footnotes":""},"categories":[13],"tags":[39,28,16,357,1336],"class_list":["post-414","post","type-post","status-publish","format-standard","hentry","category-kritik-der-relativitatstheorie","tag-dr-markus-possel","tag-forschungsgruppe-go-mueller","tag-gom-projekt","tag-jahr-der-mathematik","tag-kritik-der-relativitatstheorie"],"aioseo_notices":[],"_links":{"self":[{"href":"https:\/\/www.jocelyne-lopez.de\/blog\/wp-json\/wp\/v2\/posts\/414"}],"collection":[{"href":"https:\/\/www.jocelyne-lopez.de\/blog\/wp-json\/wp\/v2\/posts"}],"about":[{"href":"https:\/\/www.jocelyne-lopez.de\/blog\/wp-json\/wp\/v2\/types\/post"}],"author":[{"embeddable":true,"href":"https:\/\/www.jocelyne-lopez.de\/blog\/wp-json\/wp\/v2\/users\/3"}],"replies":[{"embeddable":true,"href":"https:\/\/www.jocelyne-lopez.de\/blog\/wp-json\/wp\/v2\/comments?post=414"}],"version-history":[{"count":0,"href":"https:\/\/www.jocelyne-lopez.de\/blog\/wp-json\/wp\/v2\/posts\/414\/revisions"}],"wp:attachment":[{"href":"https:\/\/www.jocelyne-lopez.de\/blog\/wp-json\/wp\/v2\/media?parent=414"}],"wp:term":[{"taxonomy":"category","embeddable":true,"href":"https:\/\/www.jocelyne-lopez.de\/blog\/wp-json\/wp\/v2\/categories?post=414"},{"taxonomy":"post_tag","embeddable":true,"href":"https:\/\/www.jocelyne-lopez.de\/blog\/wp-json\/wp\/v2\/tags?post=414"}],"curies":[{"name":"wp","href":"https:\/\/api.w.org\/{rel}","templated":true}]}}