{"id":4037,"date":"2009-08-03T07:11:45","date_gmt":"2009-08-03T06:11:45","guid":{"rendered":"https:\/\/www.jocelyne-lopez.de\/blog\/?p=4037"},"modified":"2009-08-03T07:15:06","modified_gmt":"2009-08-03T06:15:06","slug":"tierversuchsgegner-und-kritiker-der-relativitatstheorie-in-die-nahe-von-kriegsverbrechern-und-kz-schergen-gestellt","status":"publish","type":"post","link":"https:\/\/www.jocelyne-lopez.de\/blog\/2009\/08\/tierversuchsgegner-und-kritiker-der-relativitatstheorie-in-die-nahe-von-kriegsverbrechern-und-kz-schergen-gestellt\/","title":{"rendered":"Tierversuchsgegner und Kritiker der Relativit\u00e4tstheorie in die N\u00e4he von Kriegsverbrechern und KZ-Schergen gestellt"},"content":{"rendered":"<p>Ich verweise auf meinen Eintrag <a rel=\"bookmark\" href=\"https:\/\/www.jocelyne-lopez.de\/blog\/2009\/08\/der-%c2%a7-130-gehort-abgeschafft-das-ist-schrott\/trackback\" target=\"_blank\"><span style=\"color: #8e1600;\"><em>Der \u00a7 130 StGB geh\u00f6rt abgeschafft, das ist Schrott<\/em> <\/span><\/a>und gebe weitere Austausche aus der Diskussion <a href=\"http:\/\/www.politik-sind-wir.de\/showthread.php?t=4449\" target=\"_blank\"><em><strong>Wird die \u00d6ffentlichkeit mit dem<br \/>\n\u00a7 130 Volksverhetzung terrorisiert?<\/strong><\/em><\/a>\u00a0im Forum <em>Politik sind wi<\/em>r wieder:<\/p>\n<p><em>\u00a0<\/em><\/p>\n<p><em><a href=\"http:\/\/www.politik-sind-wir.de\/showpost.php?p=22673&amp;postcount=47\" target=\"_blank\">31.08.09 &#8211; Zitat von Fuciflora<\/a><\/em>:<\/p>\n<p>Ich w\u00fcrde nie jemanden, der sich gegen Tierversuche und Massentierhaltung \u00e4u\u00dfert, in die N\u00e4he des Faschismusses oder Nationalsozialismusses stellen. [&#8230;]<\/p>\n<p>\u00a0<\/p>\n<p><em><a href=\"http:\/\/www.politik-sind-wir.de\/showpost.php?p=22742&amp;postcount=53\" target=\"_blank\">01.08.09 \u2013 Zitat von Jocelyne Lopez<\/a><\/em>:<\/p>\n<p>Gerade das ist mir aber ergangen: Ich wurde nicht nur in die N\u00e4he von Faschismus und Nationalsozialismus in der \u00d6ffentlichkeit massiv gestellt, sondern sogar auch noch direkt und pers\u00f6nlich in die N\u00e4he von Kriegsverbrechern und KZ-Schergen, siehe: <a href=\"http:\/\/www.ekkehard-friebe.de\/Tierversuche.doc\" target=\"_blank\"><em>Ausz\u00fcge aus der Diskussion \u201cTierversuche sind nutzlos f\u00fcr die Humanmedizin<\/em>\u201d<\/a>, zum Beispiel:<\/p>\n<p style=\"padding-left: 60px;\"><em>Frau Lopez m\u00f6chte entweder dass solche Versuche komplett abgeschafft werden, oder sie will Untermenschen als Versuchsobjekte.&#8220;<\/em><\/p>\n<p style=\"padding-left: 60px;\"><em>Diese Menschen wurden vernichtet und, g\u00e4be es nicht die vielen Projekte der Erinnerung, w\u00e4ren sie auch im Vergessen endg\u00fcltig ausgel\u00f6scht. Diese Menschen hatten nie die Chance, Pr\u00fcfer am Patentamt zu werden, als Sekret\u00e4rin arbeiten zu k\u00f6nnen oder irrationalen Unsinn zu verbreiten. Diese Menschen wurden einfach vernichtet, Frau Lopez! Sie fehlen uns.<\/em><\/p>\n<p>Du kannst vielleicht also verstehen, dass diese Umst\u00e4nde f\u00fcr mich (und f\u00fcr meine Angeh\u00f6rige) nicht nur privat als schmerzhaft, belastend und emp\u00f6rend empfunden werden, sondern auch f\u00fcr mein gesellschaftliches Leben schwerwiegend sind und mir erhebliche Schaden zuf\u00fcgen. Ich erinnere zum Beispiel an einen Bescheid des Landesgerichts K\u00f6ln 2008, wonach allein der Antisemitismusvorwurf als gesellschaftlich schwerwiegend anzusehen ist, ohne einmal sogar im direkten Zusammenhang mit Kapitalverbrechen gestellt zu werden (wie es f\u00fcr meinen Fall vorliegt): <a href=\"https:\/\/www.jocelyne-lopez.de\/blog\/2008\/10\/schmaehkritik-vom-landesgericht-koeln-verurteilt\/trackback\" target=\"_blank\"><em>Schm\u00e4hkritik vom Landesgericht K\u00f6ln verurteilt<\/em><\/a><\/p>\n<p style=\"padding-left: 60px;\"><em>Die 28. Zivilkammer weist darauf hin, dass der Antisemitismusvorwurf vor dem Hintergrund des Nationalsozialismus besonders schwer wiegt. Er sei wie kaum ein anderer geeignet, den mit dieser Geisteshaltung in Verbindung Gebrachten in den Augen der \u00d6ffentlichkeit herabzusetzen.<\/em><\/p>\n<p>Die Besch\u00e4ftigung damit ist also verst\u00e4ndlich, sowohl privat als gesellschaftlich, und ich teile \u00fcberhaupt nicht Deine Meinung, dass sie \u201e<em>f\u00fcr die gegenw\u00e4rtige Diskussion nicht wichtig<\/em>\u201c sei.<\/p>\n<p>\u00a0<\/p>\n<p><a href=\"http:\/\/www.politik-sind-wir.de\/showpost.php?p=22673&amp;postcount=47\" target=\"_blank\"><em>31.08.09 &#8211; Zitat von Fuciflora<\/em><\/a>:<br \/>\n[&#8230;]<br \/>\nEs ist nicht leicht f\u00fcr mich, etwas \u00fcber die Tr\u00e4ger der 21 Namen zu erfahren. Ein Teil von ihnen waren Berliner Jugendliche j\u00fcdischen Glaubens, geboren im Februar 1927, die nach Auschwitz deportiert und dort ermordet wurden. M\u00f6glicherweise stammen alle 21 aus Berlin. Aber das ist f\u00fcr die gegenw\u00e4rtige Diskussion nicht wichtig. [&#8230;]<\/p>\n<p>\u00a0<\/p>\n<p><em><a href=\"http:\/\/www.politik-sind-wir.de\/showpost.php?p=22742&amp;postcount=53\" target=\"_blank\">\u00a001.08.09 &#8211; Zitat von Jocelyne Lopez<\/a><\/em>:<\/p>\n<p>Und ich finde sehr bedauerlich, dass weder der Hersteller \u201e<em>galileo2609<\/em>\u201c dieser Liste von 21 KZ-Opfern aus Auschwitz, die im direkten Zusammenhang mit meinem Namen und meinem Lebenslauf in meiner Diskussion \u00fcber Tierversuche gepostet wurde, noch Du in der Lage seid, die Todesursache dieser Menschen zu eruieren und zu belegen \u2013 ob sie tats\u00e4chlich durch Experimente gestorben sind.<\/p>\n<p>Dagegen bist Du ausgerechnet in diese Diskussion eingestiegen, um mich \u00fcber das Wort \u201e<em>Holocaust<\/em>\u201c und \u00fcber die Todesursache von <em>\u201erund 6 Millionen Juden<\/em>\u201c zu belehren:\u00a0<\/p>\n<p style=\"padding-left: 60px;\"><em><a href=\"http:\/\/www.politik-sind-wir.de\/showpost.php?p=22435&amp;postcount=16\" target=\"_blank\">Zitat von Fuciflora<\/a><\/em>:\u00a0\u00a0<\/p>\n<p style=\"padding-left: 60px;\"><em>Man versteht darunter die systematische, als industruell zu bezeichnende Ermordnung von rund sechs Millionen Juden<\/em>.<\/p>\n","protected":false},"excerpt":{"rendered":"<p>Ich verweise auf meinen Eintrag Der \u00a7 130 StGB geh\u00f6rt abgeschafft, das ist Schrott und gebe weitere Austausche aus der Diskussion Wird die \u00d6ffentlichkeit mit dem \u00a7 130 Volksverhetzung terrorisiert?\u00a0im Forum Politik sind wir wieder: \u00a0 31.08.09 &#8211; Zitat von Fuciflora: Ich w\u00fcrde nie jemanden, der sich gegen Tierversuche und Massentierhaltung \u00e4u\u00dfert, in die N\u00e4he [&hellip;]<\/p>\n","protected":false},"author":3,"featured_media":0,"comment_status":"closed","ping_status":"open","sticky":false,"template":"","format":"standard","meta":{"om_disable_all_campaigns":false,"_monsterinsights_skip_tracking":false,"_monsterinsights_sitenote_active":false,"_monsterinsights_sitenote_note":"","_monsterinsights_sitenote_category":0,"ngg_post_thumbnail":0,"footnotes":""},"categories":[13,9],"tags":[201,492,1336,546,7,1334,554],"class_list":["post-4037","post","type-post","status-publish","format-standard","hentry","category-kritik-der-relativitatstheorie","category-tierversuche-abschaffen","tag-galileo2609","tag-gerhard-hollaschke","tag-kritik-der-relativitatstheorie","tag-psw","tag-tierschutz","tag-tierversuche-abschaffen","tag--130-stgb"],"aioseo_notices":[],"_links":{"self":[{"href":"https:\/\/www.jocelyne-lopez.de\/blog\/wp-json\/wp\/v2\/posts\/4037"}],"collection":[{"href":"https:\/\/www.jocelyne-lopez.de\/blog\/wp-json\/wp\/v2\/posts"}],"about":[{"href":"https:\/\/www.jocelyne-lopez.de\/blog\/wp-json\/wp\/v2\/types\/post"}],"author":[{"embeddable":true,"href":"https:\/\/www.jocelyne-lopez.de\/blog\/wp-json\/wp\/v2\/users\/3"}],"replies":[{"embeddable":true,"href":"https:\/\/www.jocelyne-lopez.de\/blog\/wp-json\/wp\/v2\/comments?post=4037"}],"version-history":[{"count":0,"href":"https:\/\/www.jocelyne-lopez.de\/blog\/wp-json\/wp\/v2\/posts\/4037\/revisions"}],"wp:attachment":[{"href":"https:\/\/www.jocelyne-lopez.de\/blog\/wp-json\/wp\/v2\/media?parent=4037"}],"wp:term":[{"taxonomy":"category","embeddable":true,"href":"https:\/\/www.jocelyne-lopez.de\/blog\/wp-json\/wp\/v2\/categories?post=4037"},{"taxonomy":"post_tag","embeddable":true,"href":"https:\/\/www.jocelyne-lopez.de\/blog\/wp-json\/wp\/v2\/tags?post=4037"}],"curies":[{"name":"wp","href":"https:\/\/api.w.org\/{rel}","templated":true}]}}