{"id":395,"date":"2008-09-05T08:18:58","date_gmt":"2008-09-05T07:18:58","guid":{"rendered":"https:\/\/www.jocelyne-lopez.de\/blog\/?p=395"},"modified":"2009-10-27T09:44:36","modified_gmt":"2009-10-27T08:44:36","slug":"kompletter-austausch-mit-herrn-dr-markus-poessel","status":"publish","type":"post","link":"https:\/\/www.jocelyne-lopez.de\/blog\/2008\/09\/kompletter-austausch-mit-herrn-dr-markus-poessel\/","title":{"rendered":"Kompletter Austausch mit Herrn Dr. Markus Poessel"},"content":{"rendered":"<p>F\u00fcr diejenige Leser, die im Rahmen meines Gedankenexperiments &#8222;<em>Was w\u00fcrde am Strand passieren?&#8220;<\/em> meine Verst\u00e4ndnisprobleme der Speziellen Relativit\u00e4tstheorie nachvollziehen und mitdenken m\u00f6chten, gebe ich nachstehend fortlaufend an die Links zum kompletten E-Mail-Dialog mit\u00a0Herrn Dr. Markus Poessel,\u00a0Mitarbeiter des Max-Planck-Instituts f\u00fcr Gravitationsphysik \/ Albert Einstein Institut in Potsdam\/Golm und Redakteur der Webseite &#8222;<em>Einstein Online<\/em>&#8222;:<\/p>\n<ul>\n<li>17.06.08: <a href=\"https:\/\/www.jocelyne-lopez.de\/blog\/?p=333\" target=\"_blank\">Was w\u00fcrde am Strand passieren?<\/a><\/li>\n<li>30.06.08 <a href=\"https:\/\/www.jocelyne-lopez.de\/blog\/?p=353\" target=\"_blank\">Dr. Markus Poessel zu meinem Gedankenexperiment\u00a0 <\/a><\/li>\n<li>01.07.08 <a href=\"https:\/\/www.jocelyne-lopez.de\/blog\/?p=357\" target=\"_blank\">Rueckfrage an Dr. Markus Poessel <\/a><\/li>\n<li>12.07.08 <a href=\"https:\/\/www.jocelyne-lopez.de\/blog\/?p=371\" target=\"_blank\">Das Albert-Einstein-Institut ist dran <\/a><\/li>\n<li>21.07.08 <a href=\"https:\/\/www.jocelyne-lopez.de\/blog\/?p=383\" target=\"_blank\">Austausch mit Herrn Dr. Markus Poessel vom 21.07.08 <\/a><\/li>\n<li>24.\/25.07.08 <a href=\"https:\/\/www.jocelyne-lopez.de\/blog\/?p=389\" target=\"_blank\">Austausch mit Herrn Dr. Markus Poessel vom 24.\/25.07.08 <\/a><\/li>\n<li>26.\/27.07.08 <a href=\"https:\/\/www.jocelyne-lopez.de\/blog\/?p=390\" target=\"_blank\">Austausch mit Herrn Dr. Markus Poessel vom 26.\/27.07.08 <\/a><\/li>\n<li>31.07.\/01.08.08 <a href=\"https:\/\/www.jocelyne-lopez.de\/blog\/?p=391\" target=\"_blank\">Austausch mit Herrn Dr. Markus Poessel vom 31.07.\/01.08.08 <\/a><\/li>\n<li>04.\/05.08.08 <a href=\"https:\/\/www.jocelyne-lopez.de\/blog\/?p=393\" target=\"_blank\">Austausch mit Herrn Dr. Markus Poessel vom 04.\/05.08.08<\/a><\/li>\n<li>07.08.08\u00a0\u00a0<strong><span style=\"font-size: x-small;\"><a href=\"https:\/\/www.jocelyne-lopez.de\/blog\/?p=396\" target=\"_blank\">Austausch mit Herrn Dr. Markus Poessel vom 07.08.08<\/a><\/span><\/strong><\/li>\n<li>10.\/12.08.08 <a href=\"https:\/\/www.jocelyne-lopez.de\/blog\/?p=402\" target=\"_blank\">Austausch mit Herrn Dr. Markus Poessel vom 10.\/12.08.08<\/a><\/li>\n<li>17.\/19.08.08 <a href=\"https:\/\/www.jocelyne-lopez.de\/blog\/?p=405\" target=\"_blank\">Austausch mit Herrn Dr. Markus Poessel vom 17.\/19.08.08<\/a><\/li>\n<li>24.\/26.08.08 <a href=\"https:\/\/www.jocelyne-lopez.de\/blog\/?p=409\" target=\"_blank\">Austausch mit Herrn Dr. Markus P\u00f6ssel vom 24.\/26.08.08<\/a><\/li>\n<li>31.08.\/02.09.08 <a href=\"https:\/\/www.jocelyne-lopez.de\/blog\/?p=414\" target=\"_blank\">Austausch mit Herrn Dr. Markus Poessel vom 31.08.\/02.09.08<\/a><\/li>\n<li>06.\/08.09.08 <a rel=\"bookmark\" href=\"https:\/\/www.jocelyne-lopez.de\/blog\/?p=416\" target=\"_blank\">Austausch mit Herrn Dr. Markus P\u00f6ssel vom 06.\/08.09.08<\/a><\/li>\n<li>15.\/16.09.08 <a rel=\"bookmark\" href=\"https:\/\/www.jocelyne-lopez.de\/blog\/?p=422\" target=\"_blank\"><span style=\"color: #8e1600;\">Austausch mit Herrn Dr. Markus Poessel vom 15.\/16.09.08 <\/span><\/a><\/li>\n<li>21.09.08\u00a0\u00a0 <a rel=\"bookmark\" href=\"https:\/\/www.jocelyne-lopez.de\/blog\/?p=427\"><span style=\"color: #8e1600;\">Austausch mit Herrn Dr. Markus P\u00f6ssel vom 21.09.08<\/span><\/a><\/li>\n<li><span style=\"color: #8e1600;\"><span style=\"color: #000000;\">28.09.08\u00a0\u00a0 <a rel=\"bookmark\" href=\"https:\/\/www.jocelyne-lopez.de\/blog\/?p=430\"><span style=\"color: #8e1600;\">Austausch mit Herrn Dr. Markus Poessel vom 28.09.08<\/span><\/a><\/span><\/span><\/li>\n<li><span style=\"color: #8e1600;\"><span style=\"color: #000000;\">05.\/07.10.08:\u00a0<\/span>\u00a0<a rel=\"bookmark\" href=\"https:\/\/www.jocelyne-lopez.de\/blog\/?p=434\" target=\"_blank\"><span style=\"color: #8e1600;\">Austausch mit Herrn Dr. Markus Poessel vom 05.\/07.10.08\u00a0<\/span><\/a><\/span><\/li>\n<li>19.\/20.10.08: \u00a0<a rel=\"bookmark\" href=\"https:\/\/www.jocelyne-lopez.de\/blog\/?p=453\" target=\"_blank\"><span style=\"color: #8e1600;\">Austausch mit Herrn Dr. Markus P\u00f6ssel von 19.\/20.10.08\u00a0<\/span><\/a><\/li>\n<li>26.10.08: <a rel=\"bookmark\" href=\"https:\/\/www.jocelyne-lopez.de\/blog\/?p=461\"><span style=\"color: #8e1600;\">Austausch mit Herrn Dr. Markus Poessel vom 26.10.08<\/span><\/a><\/li>\n<li>02.\/03.11.08 <a rel=\"bookmark\" href=\"https:\/\/www.jocelyne-lopez.de\/blog\/?p=467\" target=\"_blank\"><span style=\"color: #8e1600;\">Austausch mit Herrn Dr. Markus Poessel vom 02.\/03.11.08 <\/span><\/a><\/li>\n<li>09.\/10.11.08 <a rel=\"bookmark\" href=\"https:\/\/www.jocelyne-lopez.de\/blog\/?p=472\" target=\"_blank\"><span style=\"color: #8e1600;\">Austausch mit Herrn Dr. Markus P\u00f6ssel vom 9.\/10.11.08 <\/span><\/a><\/li>\n<li>23.\/26.11.08 <a rel=\"bookmark\" href=\"https:\/\/www.jocelyne-lopez.de\/blog\/?p=493\" target=\"_blank\">Austausch mit Herrn Dr. Markus P\u00f6ssel vom 23.\/26.11.08<\/a><\/li>\n<li>30.11.\/01.12.08 <a rel=\"bookmark\" href=\"https:\/\/www.jocelyne-lopez.de\/blog\/2008\/12\/austausch-mit-herrn-dr-markus-possel-vom-3011011208\/\" target=\"_blank\"><span style=\"color: #8e1600;\">Austausch mit Herrn Dr. Markus P\u00f6ssel vom 30.11.\/01.12.08\u00a0<\/span><\/a>\u00a0<\/li>\n<li>06.\/07.12.08 <a rel=\"bookmark\" href=\"https:\/\/www.jocelyne-lopez.de\/blog\/?p=503\" target=\"_blank\"><span style=\"color: #8e1600;\">Austausch mit Herrn Dr. Markus P\u00f6ssel vom 06.\/07.12.08 <\/span><\/a><\/li>\n<\/ul>\n<p><a href=\"https:\/\/www.jocelyne-lopez.de\/blog\/?p=414\"><\/a><\/p>\n<p><em><span style=\"color: #ffffff;\">&#8211;<\/span><\/em><a href=\"https:\/\/www.jocelyne-lopez.de\/blog\/?p=393\"><\/a><\/p>\n","protected":false},"excerpt":{"rendered":"<p>F\u00fcr diejenige Leser, die im Rahmen meines Gedankenexperiments &#8222;Was w\u00fcrde am Strand passieren?&#8220; meine Verst\u00e4ndnisprobleme der Speziellen Relativit\u00e4tstheorie nachvollziehen und mitdenken m\u00f6chten, gebe ich nachstehend fortlaufend an die Links zum kompletten E-Mail-Dialog mit\u00a0Herrn Dr. Markus Poessel,\u00a0Mitarbeiter des Max-Planck-Instituts f\u00fcr Gravitationsphysik \/ Albert Einstein Institut in Potsdam\/Golm und Redakteur der Webseite &#8222;Einstein Online&#8222;: 17.06.08: Was w\u00fcrde [&hellip;]<\/p>\n","protected":false},"author":3,"featured_media":0,"comment_status":"closed","ping_status":"open","sticky":false,"template":"","format":"standard","meta":{"om_disable_all_campaigns":false,"_monsterinsights_skip_tracking":false,"_monsterinsights_sitenote_active":false,"_monsterinsights_sitenote_note":"","_monsterinsights_sitenote_category":0,"ngg_post_thumbnail":0,"footnotes":""},"categories":[13],"tags":[37,39,1335,16,357,207,183,129,258],"class_list":["post-395","post","type-post","status-publish","format-standard","hentry","category-kritik-der-relativitatstheorie","tag-dr-annette-schavan","tag-dr-markus-possel","tag-go-mueller","tag-gom-projekt","tag-jahr-der-mathematik","tag-kritik-der-relativitastheorie","tag-markus-possel","tag-prof-dr-jurgen-richter","tag-relativitatstheorie"],"aioseo_notices":[],"_links":{"self":[{"href":"https:\/\/www.jocelyne-lopez.de\/blog\/wp-json\/wp\/v2\/posts\/395"}],"collection":[{"href":"https:\/\/www.jocelyne-lopez.de\/blog\/wp-json\/wp\/v2\/posts"}],"about":[{"href":"https:\/\/www.jocelyne-lopez.de\/blog\/wp-json\/wp\/v2\/types\/post"}],"author":[{"embeddable":true,"href":"https:\/\/www.jocelyne-lopez.de\/blog\/wp-json\/wp\/v2\/users\/3"}],"replies":[{"embeddable":true,"href":"https:\/\/www.jocelyne-lopez.de\/blog\/wp-json\/wp\/v2\/comments?post=395"}],"version-history":[{"count":0,"href":"https:\/\/www.jocelyne-lopez.de\/blog\/wp-json\/wp\/v2\/posts\/395\/revisions"}],"wp:attachment":[{"href":"https:\/\/www.jocelyne-lopez.de\/blog\/wp-json\/wp\/v2\/media?parent=395"}],"wp:term":[{"taxonomy":"category","embeddable":true,"href":"https:\/\/www.jocelyne-lopez.de\/blog\/wp-json\/wp\/v2\/categories?post=395"},{"taxonomy":"post_tag","embeddable":true,"href":"https:\/\/www.jocelyne-lopez.de\/blog\/wp-json\/wp\/v2\/tags?post=395"}],"curies":[{"name":"wp","href":"https:\/\/api.w.org\/{rel}","templated":true}]}}