{"id":369,"date":"2008-07-14T07:28:59","date_gmt":"2008-07-14T06:28:59","guid":{"rendered":"https:\/\/www.jocelyne-lopez.de\/blog\/?p=369"},"modified":"2008-07-14T07:40:01","modified_gmt":"2008-07-14T06:40:01","slug":"leserbriefe-von-norbert-derksen","status":"publish","type":"post","link":"https:\/\/www.jocelyne-lopez.de\/blog\/2008\/07\/leserbriefe-von-norbert-derksen\/","title":{"rendered":"Leserbriefe von Norbert Derksen"},"content":{"rendered":"<p>Nachstehend zwei Leserbriefe von Norbert Derksen an S\u00dcDKURIER:<\/p>\n<blockquote>\n<blockquote><p><strong>Von: Norbert Derksen &#8211; 9.7.08<br \/>\nAn: S\u00dcDKURIER, Leserbriefe<br \/>\nZu: Professoren sitzen nach &#8211; S\u00fcdkurier Nr. 157 \/ LR vom 8. 7. 2008, Seite 2<br \/>\nKopie:\u00a0\u00a0 Dr. Annette Schavan, MdB, Bundespr\u00e4sident Horst K\u00f6hler, Deutscher Hochschulverband, Prof. Dr. Peter Strohschneider<\/strong>\u00a0\u00a0<\/p>\n<p>Richtig, \u201e<em>mehr Anstrengungen f\u00fcr eine bessere Lehre an den Hochschulen<\/em>&#8220; sind in der Tat dringend geboten, aber wenn der Wissenschaftsrat glaubt, die finanzielle Ausstattung, die materiellen Ressourcen und der Umfang des Personals seien die wesentlichen Engp\u00e4sse und \u201e<em>mehr Geld<\/em>&#8220; w\u00fcrde das keineswegs national begrenzte Problem l\u00f6sen, so ist er leider v\u00f6llig auf dem Holzweg. Vorrangig gilt es, das Unkraut zu j\u00e4ten, wie es in Form von Relativit\u00e4tstheorie und Quantenmechanik nicht nur an deutschen Hochschulen wuchert. Wer \u201e<em>zur inhaltlichen und strukturellen Entwicklung der Wissenschaft<\/em>&#8220; beitragen will, darf nicht einfach nach mehr B\u00fcchern rufen, die dann alle in gewohnter Manier denselben Unsinn breittreten, sondern mu\u00df das \u00dcbel bei der Wurzel packen. Die aus einer \u201e<em>besseren <\/em>&#8222;<em>Lehrkultur<\/em>&#8222;&#8220; resultierende und gegebenenfalls mit einem \u201e<em>nationalen Lehrpreis<\/em>&#8220; zu belohnende h\u00f6here \u201e<em>Lehrqualit\u00e4t<\/em>&#8220; kann doch nicht an \u201e<em>Erfolgsquoten<\/em>&#8220; gemessen werden, die sich in dem korrekten Wiederk\u00e4uen von einer Gehirnw\u00e4sche unterzogenen Jasagern ersch\u00f6pfen. Das \u201e<em>Umdenken<\/em>&#8220; ist nicht nur bei den Professoren vonn\u00f6ten, sondern mu\u00df viel fr\u00fcher einsetzen. Symptomatisch f\u00fcr unsere kritiklos wissenschaftsgl\u00e4ubige Zeit ist, da\u00df man bereits einen angeblich \u201e<em>hochbegabten<\/em>&#8220; Naseweis im Fernsehen den unverdauten Bl\u00f6dsinn nachplappern l\u00e4\u00dft, den er sich in den volksverdummenden B\u00fcchern \u00fcber die sogenannte Raumkr\u00fcmmung angelesen hat, womit sich dann schnell relativiert, was bisweilen mit \u201e<em>Hochbegabung<\/em>&#8220; verwechselt wird.<\/p>\n<p><font color=\"#ffffff\">&#8212;-<\/font><\/p>\n<p><strong>Von: Norbert Derksen &#8211; 11.07.08<br \/>\nAn: S\u00dcDKURIER, Politikredaktion\u00a0<br \/>\nZu: Affenseraufruf zum Thema Zivilcourage\u00a0<br \/>\nKopie: Dieter Loeffler, S\u00fcdkurier<\/strong>\u00a0\u00a0\u00a0<\/p>\n<p>Zur Zivilcourage geh\u00f6rt auch, da\u00df sich die geistige Elite, die den Schwindel in der Wissenschaft in Form von Relativit\u00e4tstheorie, Quantenmechanik usw. durchschaut, sich nicht l\u00e4nger feige wegduckt und um pers\u00f6nlicher Vorteile willen schweigt, da\u00df die Lehrenden dieser Kategorie die Lernenden nicht weiter aus blankem Opportunismus verarschen und da\u00df die gleichgeschalteten Medien endlich ihrer Verantwortung nachkommen und ihre bequeme und einseitige Hofberichterstattung aufgeben. Die wider besseres Wissen Handelnden und f\u00fcr die geistige Verkr\u00fcppelung direkt Verantwortlichen sollten freim\u00fctig ihr Versagen eingestehen und die ohnehin nicht mehr vermeidbare Blamage nicht mit aller Gewalt so lange wie m\u00f6glich hinauszuschieben versuchen.<\/p>\n<p>(Norbert Derksen)<\/p><\/blockquote>\n<\/blockquote>\n","protected":false},"excerpt":{"rendered":"<p>Nachstehend zwei Leserbriefe von Norbert Derksen an S\u00dcDKURIER: Von: Norbert Derksen &#8211; 9.7.08 An: S\u00dcDKURIER, Leserbriefe Zu: Professoren sitzen nach &#8211; S\u00fcdkurier Nr. 157 \/ LR vom 8. 7. 2008, Seite 2 Kopie:\u00a0\u00a0 Dr. Annette Schavan, MdB, Bundespr\u00e4sident Horst K\u00f6hler, Deutscher Hochschulverband, Prof. Dr. Peter Strohschneider\u00a0\u00a0 Richtig, \u201emehr Anstrengungen f\u00fcr eine bessere Lehre an den [&hellip;]<\/p>\n","protected":false},"author":3,"featured_media":0,"comment_status":"closed","ping_status":"open","sticky":false,"template":"","format":"standard","meta":{"om_disable_all_campaigns":false,"_monsterinsights_skip_tracking":false,"_monsterinsights_sitenote_active":false,"_monsterinsights_sitenote_note":"","_monsterinsights_sitenote_category":0,"ngg_post_thumbnail":0,"footnotes":""},"categories":[13],"tags":[119,37,369,1336,174,370],"class_list":["post-369","post","type-post","status-publish","format-standard","hentry","category-kritik-der-relativitatstheorie","tag-annette-schavan","tag-dr-annette-schavan","tag-horst-kohler","tag-kritik-der-relativitatstheorie","tag-norbert-derksen","tag-prof-dr-peter-strohschneider"],"aioseo_notices":[],"_links":{"self":[{"href":"https:\/\/www.jocelyne-lopez.de\/blog\/wp-json\/wp\/v2\/posts\/369"}],"collection":[{"href":"https:\/\/www.jocelyne-lopez.de\/blog\/wp-json\/wp\/v2\/posts"}],"about":[{"href":"https:\/\/www.jocelyne-lopez.de\/blog\/wp-json\/wp\/v2\/types\/post"}],"author":[{"embeddable":true,"href":"https:\/\/www.jocelyne-lopez.de\/blog\/wp-json\/wp\/v2\/users\/3"}],"replies":[{"embeddable":true,"href":"https:\/\/www.jocelyne-lopez.de\/blog\/wp-json\/wp\/v2\/comments?post=369"}],"version-history":[{"count":0,"href":"https:\/\/www.jocelyne-lopez.de\/blog\/wp-json\/wp\/v2\/posts\/369\/revisions"}],"wp:attachment":[{"href":"https:\/\/www.jocelyne-lopez.de\/blog\/wp-json\/wp\/v2\/media?parent=369"}],"wp:term":[{"taxonomy":"category","embeddable":true,"href":"https:\/\/www.jocelyne-lopez.de\/blog\/wp-json\/wp\/v2\/categories?post=369"},{"taxonomy":"post_tag","embeddable":true,"href":"https:\/\/www.jocelyne-lopez.de\/blog\/wp-json\/wp\/v2\/tags?post=369"}],"curies":[{"name":"wp","href":"https:\/\/api.w.org\/{rel}","templated":true}]}}