{"id":361,"date":"2008-07-07T06:38:38","date_gmt":"2008-07-07T05:38:38","guid":{"rendered":"https:\/\/www.jocelyne-lopez.de\/blog\/?p=361"},"modified":"2008-07-08T13:15:59","modified_gmt":"2008-07-08T12:15:59","slug":"anfrage-an-prof-dr-franz-embacher","status":"publish","type":"post","link":"https:\/\/www.jocelyne-lopez.de\/blog\/2008\/07\/anfrage-an-prof-dr-franz-embacher\/","title":{"rendered":"Anfrage an Prof. Dr. Franz Embacher"},"content":{"rendered":"<p>Am 07.07.08 habe ich folgende Anfrage per E-Mail an <a target=\"_blank\" href=\"http:\/\/homepage.univie.ac.at\/franz.embacher\/\">Prof. Dr. Franz Embacher<\/a> geschickt:<\/p>\n<blockquote>\n<blockquote><p>Von Jocelyne Lopez<br \/>\nAn Prof. Dr. Franz Embacher<br \/>\nDatum: 07.07.08<br \/>\nBetr.: Frage zur Speziellen Relativit\u00e4tstheorie<\/p>\n<p>Sehr geehrter Herr Prof. Embacher,<\/p>\n<p>Ich erlaube mir als Physik- und Mathematiklaiin, Ihnen ein pers\u00f6nliches Verst\u00e4ndnisproblem bei der Speziellen Relativit\u00e4tstheorie darzulegen, das ich im Rahmen eines Gedankenexperiments in meinem Blog geschildert habe, und zwar \u00fcber das Postulat Einsteins, die Lichtgeschwindigkeit sei konstant zu allen bewegten Beobachtern, siehe:<\/p>\n<p><strong><a target=\"_blank\" href=\"https:\/\/www.jocelyne-lopez.de\/blog\/?p=333\">Was w\u00fcrde am Strand passieren?<\/a><\/strong><\/p>\n<p>das auch seit einigen Wochen sehr rege in Internetforen kontrovers diskutiert wird.<\/p>\n<p>Dar\u00fcber habe ich auch eine Antwort von Dr. Markus P\u00f6ssel, Redakteur der Webseite \u201e<em>Einstein-Online<\/em>&#8220; erhalten, womit ich leider auch nicht klar komme, siehe:<\/p>\n<p><strong><a target=\"_blank\" href=\"https:\/\/www.jocelyne-lopez.de\/blog\/?p=353\">Dr. Markus Poessel zu meinem Gedankenexperiment \u201eWas w\u00fcrde am Strand passieren?&#8220;<\/a><\/strong><\/p>\n<p>Nach meinem Verst\u00e4ndnis der Natur und der Physik sind n\u00e4mlich f\u00fcr mich die Aussagen von Dr. Markus P\u00f6ssel widerspr\u00fcchlich: Das Ph\u00e4nomen des &#8222;<em>fr\u00fcher oder sp\u00e4ter je nach Aufenthaltsort<\/em>&#8220; ist ja einzig und allein zu erkl\u00e4ren und ausgerechnet darauf zur\u00fcckzuf\u00fchren, dass die Welle und die bewegten Beobachter beliebig viele verschiedenen Relativgeschwindigkeiten zueinander haben, oder? Wie kann also dieses Ph\u00e4nomen beobachtet, erkl\u00e4rt und berechnet werden, wenn alle Beobachter dieselbe Relativgeschwindigkeit zur Welle haben??<\/p>\n<p>Ich habe schon dar\u00fcber ein Rechenbeispiel in Foren gestellt und um L\u00f6sung gebeten, ich erlaube mir es bei Ihnen auch zu tun:<\/p>\n<p>Eine seltsame \u201e<em>kontra-intuitive<\/em>&#8220; Wasserwelle bewegt sich zum Strand, da man postuliert, dass sie eine konstante Relativgeschwindigkeit von 70 km\/h zu allen bewegten Beobachtern am Strand hat. Vier bewegte Beobachter starten ihre Bewegung parallel zueinander, auf derselben Linie direkt senkrecht zur Welle:<\/p>\n<p>&#8211; A startet in X und n\u00e4hert sich zur Welle mit 3 km\/h<br \/>\n&#8211; B startet in X und entfernt sich von der Welle mit 4 km\/h<br \/>\n&#8211; C startet in X und n\u00e4hert sich zur Welle mit 8 km\/h<br \/>\n&#8211; D startet in X und entfernt sich von der Welle mit 10 km\/h<\/p>\n<p>Da die 4 Beobachter beim Starten den gleichen Abstand zur Welle, sowie auch die gleiche postulierte Relativgeschwindigkeit 70 km\/h zur Welle haben, wann wird diese seltsame Welle jeden einzelnen Beobachter erreichen: Am gleichen Ort? Zum gleichen Zeitpunkt? Am gleichen Ort und zum gleichen Zeitpunkt?<\/p>\n<p>Ich w\u00fcrde mich sehr freuen, wenn Sie mir bei dem Verst\u00e4ndnis dieser Konstellation und des Postulats Einsteins der Konstanz der Lichtgeschwindigkeit zu allen Beobachtern weiterhelfen k\u00f6nnten.<\/p>\n<p>Daf\u00fcr bedanke ich mich im voraus und verbleibe<\/p>\n<p>mit freundlichen Gr\u00fc\u00dfen<br \/>\nJocelyne Lopez<\/p>\n<p><font color=\"#ffffff\">&#8212;&#8211;<\/font><\/p><\/blockquote>\n<\/blockquote>\n<p>&#8212;&#8212;&#8212;&#8212;&#8212;&#8212;<br \/>\n\u00a0<\/p>\n<p><strong>N.B.: <\/strong>Die obige Anfrage habe ich auch am 07.07.08 an die Fakult\u00e4t f\u00fcr Mathematik von weiteren 11 deutschen Universit\u00e4ten (Aachen, Freiburg, Kiel, Bielefeld, Darmstadt, Berlin, M\u00fcnchen, Leipzig, Passau, Heidelberg, K\u00f6ln) geschickt, sowie in Kontaktformular der Webseite <a target=\"_blank\" href=\"http:\/\/www.bmbf.de\/de\/12048.php\">Jahr der Mathematik<\/a> vom Bundesministerium f\u00fcr Bildung und Forschung eingegeben. Siehe auch <a rel=\"bookmark\" target=\"_blank\" href=\"https:\/\/www.jocelyne-lopez.de\/blog\/?p=345\">2008, Jahr der Mathematik oder des Mathematismus?<\/a><\/p>\n<p>Sowie auch am 8.7.08 an\u00a0<a href=\"http:\/\/www.epfischer.com\/\">Prof. Ernst Peter Fischer<\/a>.\u00a0<\/p>\n<p>\u00a0<\/p>\n","protected":false},"excerpt":{"rendered":"<p>Am 07.07.08 habe ich folgende Anfrage per E-Mail an Prof. Dr. Franz Embacher geschickt: Von Jocelyne Lopez An Prof. Dr. Franz Embacher Datum: 07.07.08 Betr.: Frage zur Speziellen Relativit\u00e4tstheorie Sehr geehrter Herr Prof. Embacher, Ich erlaube mir als Physik- und Mathematiklaiin, Ihnen ein pers\u00f6nliches Verst\u00e4ndnisproblem bei der Speziellen Relativit\u00e4tstheorie darzulegen, das ich im Rahmen eines [&hellip;]<\/p>\n","protected":false},"author":3,"featured_media":0,"comment_status":"closed","ping_status":"open","sticky":false,"template":"","format":"standard","meta":{"om_disable_all_campaigns":false,"_monsterinsights_skip_tracking":false,"_monsterinsights_sitenote_active":false,"_monsterinsights_sitenote_note":"","_monsterinsights_sitenote_category":0,"ngg_post_thumbnail":0,"footnotes":""},"categories":[13],"tags":[39,362,357,183,361,365],"class_list":["post-361","post","type-post","status-publish","format-standard","hentry","category-kritik-der-relativitatstheorie","tag-dr-markus-possel","tag-franz-embacher","tag-jahr-der-mathematik","tag-markus-possel","tag-prof-dr-franz-embacher","tag-prof-ernst-peter-fischer"],"aioseo_notices":[],"_links":{"self":[{"href":"https:\/\/www.jocelyne-lopez.de\/blog\/wp-json\/wp\/v2\/posts\/361"}],"collection":[{"href":"https:\/\/www.jocelyne-lopez.de\/blog\/wp-json\/wp\/v2\/posts"}],"about":[{"href":"https:\/\/www.jocelyne-lopez.de\/blog\/wp-json\/wp\/v2\/types\/post"}],"author":[{"embeddable":true,"href":"https:\/\/www.jocelyne-lopez.de\/blog\/wp-json\/wp\/v2\/users\/3"}],"replies":[{"embeddable":true,"href":"https:\/\/www.jocelyne-lopez.de\/blog\/wp-json\/wp\/v2\/comments?post=361"}],"version-history":[{"count":0,"href":"https:\/\/www.jocelyne-lopez.de\/blog\/wp-json\/wp\/v2\/posts\/361\/revisions"}],"wp:attachment":[{"href":"https:\/\/www.jocelyne-lopez.de\/blog\/wp-json\/wp\/v2\/media?parent=361"}],"wp:term":[{"taxonomy":"category","embeddable":true,"href":"https:\/\/www.jocelyne-lopez.de\/blog\/wp-json\/wp\/v2\/categories?post=361"},{"taxonomy":"post_tag","embeddable":true,"href":"https:\/\/www.jocelyne-lopez.de\/blog\/wp-json\/wp\/v2\/tags?post=361"}],"curies":[{"name":"wp","href":"https:\/\/api.w.org\/{rel}","templated":true}]}}