{"id":3605,"date":"2009-06-26T08:12:00","date_gmt":"2009-06-26T07:12:00","guid":{"rendered":"https:\/\/www.jocelyne-lopez.de\/blog\/?p=3605"},"modified":"2009-06-26T09:24:26","modified_gmt":"2009-06-26T08:24:26","slug":"anspruch-der-offentlichkeit-auf-klarung-von-strittigen-fragen-uber-der-relativitatstheorie","status":"publish","type":"post","link":"https:\/\/www.jocelyne-lopez.de\/blog\/2009\/06\/anspruch-der-offentlichkeit-auf-klarung-von-strittigen-fragen-uber-der-relativitatstheorie\/","title":{"rendered":"Anspruch der \u00d6ffentlichkeit auf Kl\u00e4rung von strittigen Fragen \u00fcber der Relativit\u00e4tstheorie"},"content":{"rendered":"<p>Ich komme auf die Diskussion <a href=\"https:\/\/www.jocelyne-lopez.de\/blog\/2009\/05\/die-gute-carolin-liefke-mochte-mich-so-gerne-im-internet-loshaben\/trackback\" target=\"_blank\"><em>Einstein-Widerleger &amp; Co.<\/em><\/a>\u00a0im Blog von Carolin Liefke zur\u00fcck und nehme Stellung zu dem Vorwurf einer Benutzerin, ich h\u00e4tte bei der Ver\u00f6ffentlichung 2008 meiner <a href=\"https:\/\/www.jocelyne-lopez.de\/blog\/2008\/09\/kompletter-austausch-mit-herrn-dr-markus-poessel\/trackback\" target=\"_blank\"><em>Korrespondenz<\/em>\u00a0<\/a>mit Herrn Dr. Markus P\u00f6ssel rechtlich gegen den Schutz des privaten Briefwechsels versto\u00dfen:<\/p>\n<p>\u00a0<\/p>\n<p><em><a href=\"http:\/\/www.kosmologs.de\/kosmo\/blog\/astronomers-do-it-at-night\/immer-rger-mit...\/2009-05-09\/einstein-widerleger-und-co\/page\/4#comment-4111\" target=\"_blank\">26.06.09 \u2013 Zitat von Cecilia Payne<\/a><\/em>:<\/p>\n<p>Nat\u00fcrlich ist das eine private Korrespondenz gewesen. Hier gilt das &#8222;<em>Recht am geschriebenen Wort<\/em>&#8220; wie bei einem klassischen Briefwechsel.<\/p>\n<p><em>\u00a0<\/em><\/p>\n<p><em><a href=\"http:\/\/www.kosmologs.de\/kosmo\/blog\/astronomers-do-it-at-night\/immer-rger-mit...\/2009-05-09\/einstein-widerleger-und-co\/page\/4#comment-4112\" target=\"_blank\">26.06.09 \u2013 Zitat von Jocelyne Lopez<\/a>:<\/em><\/p>\n<p>Absolut keine private Korrespondenz, gar keine Frage:<\/p>\n<p>Meine sachliche Anfrage war gem\u00e4\u00df Hinweis des Bundesministeriums f\u00fcr Bildung und Forschung an eine \u00f6ffentliche Stelle des Max-Planck-Instituts f\u00fcr Gravitationsphysik \/ Albert Einstein Institut gerichtet, die explizit zust\u00e4ndig ist f\u00fcr Kl\u00e4rung von fachlichen Fragen aus der \u00d6ffentlichkeit, und die auch von der \u00d6ffentlichkeit <strong>mit Steuergeld<\/strong> finanziert wird. Die \u00d6ffentlichkeit hat also Anspruch auf die Stellungnahmen dieser staatlichen Stelle bei einem sachlichen Kl\u00e4rungsbedarf. Dr. Markus P\u00f6ssel hat auch seine Antworten nicht aus seiner privaten Mail-Box geschrieben, sondern sehr wohl aus dem Server seines Arbeitsgebers MPI\/AEI.<\/p>\n<p>Ich habe \u00fcbrigens auch gem\u00e4\u00df Hinweis vom Bundesministerium f\u00fcr Bildung und Forschung meine Anfrage an eine Vielzahl von anderen Experten der Relativit\u00e4tstheorie in verschiedenen staatlichen Institutionen geschickt (Universit\u00e4ten). Au\u00dfer Dr. Markus P\u00f6ssel hat von diesen staatlichen Einrichtungen keiner geantwortet.<\/p>\n<p>Eine zweite Antwort auf meine Anfrage habe ich jedoch von einem anderen Experte der Relativit\u00e4tstheorie erhalten, von Prof. Dr. Ernst Peter Fischer. Da ich ihm diese Anfrage jedoch \u00fcber die Kontaktadresse seiner privaten Homepage geschickt habe, habe ich ihm nachtr\u00e4glich ausdr\u00fccklich um die Genehmigung gebeten, seine Antwort im Internet zu ver\u00f6ffentlichen. Diese Genehmigung hat er mir ohne jeglichen Vorbehalt sofort ausdr\u00fccklich erteilt.<\/p>\n<p>Hier die <em><a href=\"https:\/\/www.jocelyne-lopez.de\/blog\/2008\/07\/antwort-von-prof-dr-ernst-peter-fischer-zu-meinem-gedankenexperiment-was-wurde-am-strand-passieren\/trackback\" target=\"_blank\">Antwort von Prof. Dr. Ernst Peter Fischer<\/a><\/em>\u00a0auf dieselbe Anfrage:\u00a0<\/p>\n<p style=\"padding-left: 30px;\"><em>&#8222;<\/em>ich danke f\u00fcr Ihre Mail und denke, da\u00df Ihre vorgeschlagene Situation tats\u00e4chlich unvorstellbar ist. Ich meine dies so: Wasserwellen tun nur, was Sie sagen, wenn Sie sich der Lichtgeschwindigkeit n\u00e4hern; dann w\u00e4ren es aber keine Wasserwellen mehr. Im Normalfall am Strand gilt eine Physik ohne relativistische Effekte (wie \u00fcberhaupt im Alltag, selbst wenn wir bis zum Mond reisen).&#8220;<br \/>\n(Prof. Dr. Ernst Peter Fischer)\n<\/p>\n<p style=\"padding-left: 30px;\">\u00a0<\/p>\n<p>Wie man unschwer feststellen kann, widerspricht die Auskunft von Prof. Fischer die Auskunft von Dr. Markus P\u00f6ssel:<\/p>\n<ul>\n<li>Prof. Dr. Fischer sagt aus, dass in der Alltagsphysik eine Physik ohne relativistische Effekte gilt.<\/li>\n<li>Dr. Markus P\u00f6ssel sagt aus, dass die relativistische L\u00e4ngenkontraktion durch <em>\u201ekonkrete Messungen\u201c<\/em> (also messbar in der Alltagsphysik) festgestellt wurde \u2013 allerdings ohne diese konkreten Messungen der L\u00e4ngenkontraktion zu nennen, es wurde nur \u00fcber Gedankenexperimente gesprochen.<\/li>\n<\/ul>\n<p>Wem sollte ich glauben? Dr. Markus P\u00f6ssel oder Prof. Dr. Fischer? Wurde die L\u00e4ngenkontraktion von bewegten Objekten experimentell konkret gemessen und hat sie Auswirkungen in der Alltagsphysik oder hat sie keine Auswirkung in der Alltagsphysik, selbst wenn wir bis zum Mond reisen?<\/p>\n<p>(Jocelyne Lopez)<\/p>\n","protected":false},"excerpt":{"rendered":"<p>Ich komme auf die Diskussion Einstein-Widerleger &amp; Co.\u00a0im Blog von Carolin Liefke zur\u00fcck und nehme Stellung zu dem Vorwurf einer Benutzerin, ich h\u00e4tte bei der Ver\u00f6ffentlichung 2008 meiner Korrespondenz\u00a0mit Herrn Dr. Markus P\u00f6ssel rechtlich gegen den Schutz des privaten Briefwechsels versto\u00dfen: \u00a0 26.06.09 \u2013 Zitat von Cecilia Payne: Nat\u00fcrlich ist das eine private Korrespondenz gewesen. [&hellip;]<\/p>\n","protected":false},"author":3,"featured_media":0,"comment_status":"closed","ping_status":"open","sticky":false,"template":"","format":"standard","meta":{"om_disable_all_campaigns":false,"_monsterinsights_skip_tracking":false,"_monsterinsights_sitenote_active":false,"_monsterinsights_sitenote_note":"","_monsterinsights_sitenote_category":0,"ngg_post_thumbnail":0,"footnotes":""},"categories":[13],"tags":[530,39,1336,543,129],"class_list":["post-3605","post","type-post","status-publish","format-standard","hentry","category-kritik-der-relativitatstheorie","tag-carolin-liefke","tag-dr-markus-possel","tag-kritik-der-relativitatstheorie","tag-prof-dr-ernst-peter-richter","tag-prof-dr-jurgen-richter"],"aioseo_notices":[],"_links":{"self":[{"href":"https:\/\/www.jocelyne-lopez.de\/blog\/wp-json\/wp\/v2\/posts\/3605"}],"collection":[{"href":"https:\/\/www.jocelyne-lopez.de\/blog\/wp-json\/wp\/v2\/posts"}],"about":[{"href":"https:\/\/www.jocelyne-lopez.de\/blog\/wp-json\/wp\/v2\/types\/post"}],"author":[{"embeddable":true,"href":"https:\/\/www.jocelyne-lopez.de\/blog\/wp-json\/wp\/v2\/users\/3"}],"replies":[{"embeddable":true,"href":"https:\/\/www.jocelyne-lopez.de\/blog\/wp-json\/wp\/v2\/comments?post=3605"}],"version-history":[{"count":0,"href":"https:\/\/www.jocelyne-lopez.de\/blog\/wp-json\/wp\/v2\/posts\/3605\/revisions"}],"wp:attachment":[{"href":"https:\/\/www.jocelyne-lopez.de\/blog\/wp-json\/wp\/v2\/media?parent=3605"}],"wp:term":[{"taxonomy":"category","embeddable":true,"href":"https:\/\/www.jocelyne-lopez.de\/blog\/wp-json\/wp\/v2\/categories?post=3605"},{"taxonomy":"post_tag","embeddable":true,"href":"https:\/\/www.jocelyne-lopez.de\/blog\/wp-json\/wp\/v2\/tags?post=3605"}],"curies":[{"name":"wp","href":"https:\/\/api.w.org\/{rel}","templated":true}]}}