{"id":3576,"date":"2009-06-23T19:40:22","date_gmt":"2009-06-23T18:40:22","guid":{"rendered":"https:\/\/www.jocelyne-lopez.de\/blog\/?p=3576"},"modified":"2009-06-23T19:42:00","modified_gmt":"2009-06-23T18:42:00","slug":"hat-dr-markus-possel-die-spezielle-relativitatstheorie-zum-fall-gebracht","status":"publish","type":"post","link":"https:\/\/www.jocelyne-lopez.de\/blog\/2009\/06\/hat-dr-markus-possel-die-spezielle-relativitatstheorie-zum-fall-gebracht\/","title":{"rendered":"Hat Dr. Markus P\u00f6ssel die Spezielle Relativit\u00e4tstheorie zum Fall gebracht?"},"content":{"rendered":"<p>Ich verweise auf meinen heutigen Eintrag in der Diskussion <a href=\"http:\/\/zeitwort.at\/index.php?page=Thread&amp;threadID=8455&amp;pageNo=1\" target=\"_blank\"><em>Dokumentarfilm-Projekt aus den USA: &#8222;Einstein wrong&#8220;<\/em><\/a> im Forum <em>zeitwort.at<\/em>:<\/p>\n<p>\u00a0<\/p>\n<p><em><a href=\"http:\/\/zeitwort.at\/index.php?page=Thread&amp;postID=158184#post158184\" target=\"_blank\">23.06.09 \u2013 Zitat von Jocelyne Lopez<\/a><\/em>:\u00a0\u00a0<\/p>\n<p>Ja, es gibt viel mehr Unsinn, aber mit der L\u00e4ngenkontraktion steht oder f\u00e4llt die Spezielle Relativit\u00e4tstheorie (einschlie\u00dflich GPS und allen vermeintlichen experimentellen Best\u00e4tigungen):<\/p>\n<p>Wenn die L\u00e4ngenkontraktion nur virtuell ist, dann ist die Spezielle Relativit\u00e4tstheorie in der Physik v\u00f6llig gegenstandlos und darf getrost ad acta gelegt werden, <strong>ohne irgendeinen anderen Ansatz zu untersuchen<\/strong>. Das ist hinreichend. Damit bricht n\u00e4mlich das ganze theoretische Geb\u00e4ude &#8222;<em>Spezielle Relativit\u00e4tstheorie<\/em>&#8220; wie ein Kartenhaus zusammen.<\/p>\n<p>Deshalb ist die Aussage der offiziellen Physik, vertreten durch Dr. Markus P\u00f6ssel vom Max Planck Institut f\u00fcr Gravitationsphysik \/ Albert Einstein Institut <strong>hoch brisant<\/strong>.<\/p>\n<p>Die Strategie der Relativisten war n\u00e4mlich Jahrzehnten lang sich dar\u00fcber nicht festzulegen, die Frage sorgf\u00e4lltig auszuweichen, sich widerspr\u00fcchlich zu \u00e4u\u00dfern und die Widerspr\u00fcche zu ignorieren, sowie sich sprachliche Undeutlichkeiten zu bedienen (vor allem sprachliche Verwirrungen und Vernebelungen mit den Begriffen &#8222;<em>real<\/em>&#8220; und &#8222;<em>materiell<\/em>&#8222;), siehe zum Beispiel hier Quellennachweise von G.O. Mueller in meinem Blog-Eintrag <a href=\"https:\/\/www.jocelyne-lopez.de\/blog\/2008\/04\/koennten-sich-vielleicht-die-relativisten-daruber-einigen-ob-der-relativistische-effekt-langenkontraktion-anschein-oder-realitat-sein-soll\/trackback\" target=\"_blank\"><em>K\u00f6nnten sich vielleicht die Relativisten dar\u00fcber einigen, ob der relativistische Effekt &#8222;L\u00e4ngenkontraktion&#8220; Anschein oder Realit\u00e4t sein soll?<\/em><\/a><\/p>\n<p>Die Kl\u00e4rung, ob die L\u00e4ngenkontraktion materiell oder nicht materiell sei, war also von entscheidender Bedeutung und war seit Jahrzehnten f\u00e4llig. Die Relativisten haben sorgf\u00e4ltig diese Kl\u00e4rung ausgewichen und totgeschwiegen. Nie hatte sich bis jetzt ein offizieller Vertreter der etablierten Physik (\u00fcber die Vermittlung des Bundesministeriums f\u00fcr Bildung und Forschung) so weit aus dem Fenster gelehnt und so deutlich zugegeben, dass dieser Effekt nicht materiell ist, was ein Todesurteil f\u00fcr die Theorie bedeutet. Das ist also ein entscheidender Erfolg f\u00fcr die Kritiker.<\/p>\n<p>Markus P\u00f6ssel hat sich nach seinem Zugest\u00e4ndnis aus der Diskussion rausgeredet und alle Forenrelativisten schweigen \u00fcber diese f\u00fcr sie \u201e<em>ung\u00fcnstige<\/em>\u201c Kl\u00e4rung. Sie haben jetzt den Salat und k\u00f6nnen schlecht in den R\u00fccken ihres Experten und Gurus Markus P\u00f6ssel fallen, der die Spezielle Relativit\u00e4tstheorie mit seiner Aussage zum Fall gebracht hat. ; -)<\/p>\n<p>(Jocelyne Lopez)<\/p>\n","protected":false},"excerpt":{"rendered":"<p>Ich verweise auf meinen heutigen Eintrag in der Diskussion Dokumentarfilm-Projekt aus den USA: &#8222;Einstein wrong&#8220; im Forum zeitwort.at: \u00a0 23.06.09 \u2013 Zitat von Jocelyne Lopez:\u00a0\u00a0 Ja, es gibt viel mehr Unsinn, aber mit der L\u00e4ngenkontraktion steht oder f\u00e4llt die Spezielle Relativit\u00e4tstheorie (einschlie\u00dflich GPS und allen vermeintlichen experimentellen Best\u00e4tigungen): Wenn die L\u00e4ngenkontraktion nur virtuell ist, dann [&hellip;]<\/p>\n","protected":false},"author":3,"featured_media":0,"comment_status":"closed","ping_status":"open","sticky":false,"template":"","format":"standard","meta":{"om_disable_all_campaigns":false,"_monsterinsights_skip_tracking":false,"_monsterinsights_sitenote_active":false,"_monsterinsights_sitenote_note":"","_monsterinsights_sitenote_category":0,"ngg_post_thumbnail":0,"footnotes":""},"categories":[11,13],"tags":[39,1335,16,1336],"class_list":["post-3576","post","type-post","status-publish","format-standard","hentry","category-go-mueller","category-kritik-der-relativitatstheorie","tag-dr-markus-possel","tag-go-mueller","tag-gom-projekt","tag-kritik-der-relativitatstheorie"],"aioseo_notices":[],"_links":{"self":[{"href":"https:\/\/www.jocelyne-lopez.de\/blog\/wp-json\/wp\/v2\/posts\/3576"}],"collection":[{"href":"https:\/\/www.jocelyne-lopez.de\/blog\/wp-json\/wp\/v2\/posts"}],"about":[{"href":"https:\/\/www.jocelyne-lopez.de\/blog\/wp-json\/wp\/v2\/types\/post"}],"author":[{"embeddable":true,"href":"https:\/\/www.jocelyne-lopez.de\/blog\/wp-json\/wp\/v2\/users\/3"}],"replies":[{"embeddable":true,"href":"https:\/\/www.jocelyne-lopez.de\/blog\/wp-json\/wp\/v2\/comments?post=3576"}],"version-history":[{"count":0,"href":"https:\/\/www.jocelyne-lopez.de\/blog\/wp-json\/wp\/v2\/posts\/3576\/revisions"}],"wp:attachment":[{"href":"https:\/\/www.jocelyne-lopez.de\/blog\/wp-json\/wp\/v2\/media?parent=3576"}],"wp:term":[{"taxonomy":"category","embeddable":true,"href":"https:\/\/www.jocelyne-lopez.de\/blog\/wp-json\/wp\/v2\/categories?post=3576"},{"taxonomy":"post_tag","embeddable":true,"href":"https:\/\/www.jocelyne-lopez.de\/blog\/wp-json\/wp\/v2\/tags?post=3576"}],"curies":[{"name":"wp","href":"https:\/\/api.w.org\/{rel}","templated":true}]}}