{"id":326,"date":"2008-06-05T10:42:45","date_gmt":"2008-06-05T09:42:45","guid":{"rendered":"https:\/\/www.jocelyne-lopez.de\/blog\/?p=326"},"modified":"2008-06-05T10:42:45","modified_gmt":"2008-06-05T09:42:45","slug":"bernhard-losch-und-andreas-schwartze-rechtswissenschaft-fur-gesellschaftswissenschaften","status":"publish","type":"post","link":"https:\/\/www.jocelyne-lopez.de\/blog\/2008\/06\/bernhard-losch-und-andreas-schwartze-rechtswissenschaft-fur-gesellschaftswissenschaften\/","title":{"rendered":"Bernhard Losch und Andreas Schwartze: Rechtswissenschaft f\u00fcr Gesellschaftswissenschaften"},"content":{"rendered":"<p>Eine Buchempfehlung:<\/p>\n<p><strong>Rechtswissenschaft f\u00fcr Gesellschaftswissenschaften<br \/>\nJuristische Grundlagen f\u00fcr \u00d6konomen, Politologen, Sozial- und Kulturwissenschaftler<br \/>\nBernhard Losch, Andreas Schwartze<br \/>\n<\/strong>Verlag Kohlhammer, 1. Auflage 2006<br \/>\nISBN: 3170135937<\/p>\n<p><strong>\u00a0<\/strong><a href=\"https:\/\/www.jocelyne-lopez.de\/blog\/wp-content\/uploads\/2008\/06\/losch-zweites_buch.jpg\" title=\"losch-zweites_buch.jpg\"><strong><img decoding=\"async\" src=\"https:\/\/www.jocelyne-lopez.de\/blog\/wp-content\/uploads\/2008\/06\/losch-zweites_buch.jpg\" alt=\"losch-zweites_buch.jpg\" \/><\/strong><\/a><strong> <\/strong><\/p>\n<p><a target=\"_blank\" href=\"http:\/\/www.deutschesfachbuch.de\/info\/detail.php?isbn=3170135937&amp;PHPSESSID=sp\"><strong>Vorwort<\/strong><\/a><\/p>\n<p>W\u00e4hrend des letzten Jahrzehnts haben sich die Grenzen vieler Fachdisziplinen verschoben, um die bereichsspezifische Ausbildung durch die Einbeziehung interdisziplin\u00e4rer Aspekte zu erg\u00e4nzen. Im Zuge dieser Entwicklung findet das Recht wegen seiner grundlegenden Ordnungsaufgabe f\u00fcr die Wirtschaft, das politische System und die soziale Organisation verst\u00e4rkte Aufmerksamkeit in den Nachbardisziplinen. Insbesondere in den Wirtschaftswissenschaften wurden die herk\u00f6mmliche rechtliche Grundausbildung vertieft und die M\u00f6glichkeiten der rechtlichen Zusatz- und Spezialausbildung in Richtung auf das Berufsfeld des Wirtschaftsjuristen erweitert. Ebenso wurde in der Politik sowie der Sozialwissenschaft die Integration rechtswissenschaftlicher Ausbildungsschwerpunkte vorangetrieben. In den kulturwissenschaftlichen Studieng\u00e4ngen findet das Recht ebenfalls wachsende Beachtung.<\/p>\n<p>Daher scheint es an der Zeit, den verschiedenen Aufbereitungen einzelner Rechtsgebiete f\u00fcr die Nachbarwissenschaften eine grundlegende, interdisziplin\u00e4r orientierte Einf\u00fchrung in die Rechtswissenschaft an die Seite zu stellen. Unser Ziel ist es, einen fachverbindenden Zugang zum Recht zu er\u00f6ffnen, der Verst\u00e4ndnis f\u00fcr dessen Funktion erm\u00f6glicht.<\/p>\n<p>Die einleitenden Teile 1 und 2 wurden von beiden Autoren gemeinsam verfasst. Die anderen Teile haben die Autoren in Abstimmung untereinander jeweils eigenst\u00e4ndig bearbeitet: Bernhard Losch das \u00d6ffentliche Recht (3. Teil) sowie das Strafrecht (5. Teil), Andreas Schwartze das Privatrecht (4. Teil).<\/p>\n<p><font color=\"#ffffff\">&#8212;-<\/font><\/p>\n<p><strong><a target=\"_blank\" href=\"http:\/\/www.deutschesfachbuch.de\/info\/detail.php?isbn=3170135937&amp;PHPSESSID=sp\">Klappentext<\/a>: <\/strong><\/p>\n<p>F\u00fcr s\u00e4mtliche Gesellschaftswissenschaften ist ein grundlegender Einblick in die Rechtsordnung unentbehrlich, denn die Rahmenbedingungen f\u00fcr das Zusammenleben der Gesellschaft werden in erster Linie durch das Recht bestimmt. Rechtliche Regeln steuern die Wirtschaftsordnung, das politische System und die soziale Organisation. Ebenso wichtig wie die institutionelle Struktur sind die Verfahrensweisen, nach denen sich die rechtsverbindliche Kommunikation richtet. Vor allem \u00d6konomen, Politologen und Sozialwissenschaftler ben\u00f6tigen daher ein Verst\u00e4ndnis f\u00fcr die rechtlichen Grundlagen von Staat und Zivilgesellschaft. Das Buch f\u00fchrt in die wichtigsten Rechtsgebiete ein und \u00f6ffnet den Zugang zu einem kontextbezogenen juristischen Grundwissen.<\/p>\n","protected":false},"excerpt":{"rendered":"<p>Eine Buchempfehlung: Rechtswissenschaft f\u00fcr Gesellschaftswissenschaften Juristische Grundlagen f\u00fcr \u00d6konomen, Politologen, Sozial- und Kulturwissenschaftler Bernhard Losch, Andreas Schwartze Verlag Kohlhammer, 1. Auflage 2006 ISBN: 3170135937 \u00a0 Vorwort W\u00e4hrend des letzten Jahrzehnts haben sich die Grenzen vieler Fachdisziplinen verschoben, um die bereichsspezifische Ausbildung durch die Einbeziehung interdisziplin\u00e4rer Aspekte zu erg\u00e4nzen. Im Zuge dieser Entwicklung findet das Recht [&hellip;]<\/p>\n","protected":false},"author":3,"featured_media":0,"comment_status":"closed","ping_status":"open","sticky":false,"template":"","format":"standard","meta":{"om_disable_all_campaigns":false,"_monsterinsights_skip_tracking":false,"ngg_post_thumbnail":0,"footnotes":""},"categories":[13],"tags":[344,276,1336,345,277],"class_list":["post-326","post","type-post","status-publish","format-standard","hentry","category-kritik-der-relativitatstheorie","tag-andreas-schwartze","tag-bernhard-losch","tag-kritik-der-relativitatstheorie","tag-prof-dr-andreas-schwartze","tag-prof-dr-dr-bernhard-losch"],"aioseo_notices":[],"_links":{"self":[{"href":"https:\/\/www.jocelyne-lopez.de\/blog\/wp-json\/wp\/v2\/posts\/326"}],"collection":[{"href":"https:\/\/www.jocelyne-lopez.de\/blog\/wp-json\/wp\/v2\/posts"}],"about":[{"href":"https:\/\/www.jocelyne-lopez.de\/blog\/wp-json\/wp\/v2\/types\/post"}],"author":[{"embeddable":true,"href":"https:\/\/www.jocelyne-lopez.de\/blog\/wp-json\/wp\/v2\/users\/3"}],"replies":[{"embeddable":true,"href":"https:\/\/www.jocelyne-lopez.de\/blog\/wp-json\/wp\/v2\/comments?post=326"}],"version-history":[{"count":0,"href":"https:\/\/www.jocelyne-lopez.de\/blog\/wp-json\/wp\/v2\/posts\/326\/revisions"}],"wp:attachment":[{"href":"https:\/\/www.jocelyne-lopez.de\/blog\/wp-json\/wp\/v2\/media?parent=326"}],"wp:term":[{"taxonomy":"category","embeddable":true,"href":"https:\/\/www.jocelyne-lopez.de\/blog\/wp-json\/wp\/v2\/categories?post=326"},{"taxonomy":"post_tag","embeddable":true,"href":"https:\/\/www.jocelyne-lopez.de\/blog\/wp-json\/wp\/v2\/tags?post=326"}],"curies":[{"name":"wp","href":"https:\/\/api.w.org\/{rel}","templated":true}]}}