{"id":309,"date":"2008-05-21T06:39:04","date_gmt":"2008-05-21T05:39:04","guid":{"rendered":"https:\/\/www.jocelyne-lopez.de\/blog\/?p=309"},"modified":"2008-05-21T06:39:04","modified_gmt":"2008-05-21T05:39:04","slug":"willi-dickhut-materialistische-dialektik-und-naturwissenschaft","status":"publish","type":"post","link":"https:\/\/www.jocelyne-lopez.de\/blog\/2008\/05\/willi-dickhut-materialistische-dialektik-und-naturwissenschaft\/","title":{"rendered":"Willi Dickhut: Materialistische Dialektik und Naturwissenschaft"},"content":{"rendered":"<blockquote><p><a href=\"https:\/\/www.jocelyne-lopez.de\/blog\/wp-content\/uploads\/2008\/05\/willi-dickhut-neu.jpg\" title=\"willi-dickhut-neu.jpg\"><\/a>Eine Buchempfehlung:<\/p><\/blockquote>\n<blockquote>\n<blockquote><p><strong>Materialistische Dialektik und b\u00fcrgerliche Naturwissenschaft<br \/>\nWilli Dickhut<br \/>\nVerlag Neuer Weg, Essen, 1987<br \/>\nISBN 3-88021-161-2<\/strong><\/p>\n<blockquote style=\"margin-right: 0px\" dir=\"ltr\">\n<blockquote style=\"margin-right: 0px\" dir=\"ltr\"><\/blockquote>\n<\/blockquote>\n<\/blockquote>\n<\/blockquote>\n<blockquote style=\"margin-right: 0px\" dir=\"ltr\">\n<blockquote style=\"margin-right: 0px\" dir=\"ltr\"><p><a href=\"https:\/\/www.jocelyne-lopez.de\/blog\/wp-content\/uploads\/2008\/05\/willi-dickhut.jpg\" title=\"willi-dickhut.jpg\"><img decoding=\"async\" src=\"https:\/\/www.jocelyne-lopez.de\/blog\/wp-content\/uploads\/2008\/05\/willi-dickhut.jpg\" alt=\"willi-dickhut.jpg\" \/><\/a><\/p><\/blockquote>\n<\/blockquote>\n<blockquote>\n<blockquote>\n<blockquote style=\"margin-right: 0px\" dir=\"ltr\">\n<blockquote style=\"margin-right: 0px\" dir=\"ltr\"><p><a href=\"https:\/\/www.jocelyne-lopez.de\/blog\/wp-content\/uploads\/2008\/05\/willi-dickhut.jpg\" title=\"willi-dickhut.jpg\"><\/a><\/p><\/blockquote>\n<\/blockquote>\n<p>Aus dem Vorwort des Herausgebers:<\/p>\n<p>Seit Jahrhunderten tobt der Kampf zwischen dem Idealismus und dem Materialismus um die Probleme des Kosmos: Sind Weltall und Natur erschaffen worden oder sind sie seit Ewigkeit da, unendlich in Zeit und Raum?<\/p>\n<p>Willi Dickhuts Studie \u201eMaterialistische Dialektik und b\u00fcrgerliche Naturwissenschaft&#8220; verarbeitet die naturwissenschaftlichen Forschungsergebnisse und erbringt den eindrucksvollen Nachweis, dass es in der Natur dialektisch zugeht: Das gesamte Weltall ist materiell, ist verr\u00e4umtlichter Stoff. Die Materie ist in st\u00e4ndiger Bewegung und Ver\u00e4nderung begriffen. Sie ist weder zu erschaffen noch zu zerst\u00f6ren. Als Ergebnis der Bewegung entwickeln sich st\u00e4ndig neue Formen der Materie. Die Bewegung ist die ureigenste Eigenschaft der Materie. Sie kennzeichnet die Qualit\u00e4t, die Umwandlungsf\u00e4higkeit der Materie in Formen wie W\u00e4rme und Licht oder auch in Formen wie Leben und Bewusstsein.<\/p>\n<p>Die Studie f\u00fchrt eine dialektische Kritik an der b\u00fcrgerlichen Naturwissenschaft, indem sie deren richtige Erkenntnisse \u00fcber das Weltall aufgreift und ihre idealistischen Deutungen mit der dialektischen Methode kritisiert.<\/p>\n<p>Willi Dickhut zeigt die Wurzel der Verwirrung der b\u00fcrgerliche Naturwissenschaft auf: Als die Physik Ende des letzten Jahrhunderts Entdeckungen \u00fcber die Verwandlung der Materie in Formen wie Elektronen und Neutronen machte, die mit unseren menschlichen Sinnen nicht mehr zu fassen, sondern nur mit Hilfe der dialektischen Bewegungs- und Entwicklungsgesetze zu verstehen sind, \u00fcbertrug sie die Begrenztheit der menschlichen Sinne auf die angebliche Begrenztheit der Materie.<\/p>\n<p>Diese Krise der b\u00fcrgerlichen Naturwissenschaft besteht und vertieft sich bis heute. So h\u00e4lt die moderne Physik an Jordans absurder Theorie von der Entstehung des Weltalls aus einem Punkt durch einen explosionsartigen \u201eUrknall&#8220; fest. [&#8230;] Die Studie unterzieht diese Urknalltheorie einer ebenso erfrischenden Kritik wie Einsteins Relativit\u00e4tstheorie, welche Raum und Zeit als objektive Eigenschaften des Weltalls leugnet und vollst\u00e4ndig relativiert.<\/p><\/blockquote>\n<\/blockquote>\n","protected":false},"excerpt":{"rendered":"<p>Eine Buchempfehlung: Materialistische Dialektik und b\u00fcrgerliche Naturwissenschaft Willi Dickhut Verlag Neuer Weg, Essen, 1987 ISBN 3-88021-161-2 Aus dem Vorwort des Herausgebers: Seit Jahrhunderten tobt der Kampf zwischen dem Idealismus und dem Materialismus um die Probleme des Kosmos: Sind Weltall und Natur erschaffen worden oder sind sie seit Ewigkeit da, unendlich in Zeit und Raum? Willi [&hellip;]<\/p>\n","protected":false},"author":3,"featured_media":0,"comment_status":"closed","ping_status":"open","sticky":false,"template":"","format":"standard","meta":{"om_disable_all_campaigns":false,"_monsterinsights_skip_tracking":false,"_monsterinsights_sitenote_active":false,"_monsterinsights_sitenote_note":"","_monsterinsights_sitenote_category":0,"ngg_post_thumbnail":0,"footnotes":""},"categories":[13],"tags":[1336,329],"class_list":["post-309","post","type-post","status-publish","format-standard","hentry","category-kritik-der-relativitatstheorie","tag-kritik-der-relativitatstheorie","tag-willi-dickhut"],"aioseo_notices":[],"_links":{"self":[{"href":"https:\/\/www.jocelyne-lopez.de\/blog\/wp-json\/wp\/v2\/posts\/309"}],"collection":[{"href":"https:\/\/www.jocelyne-lopez.de\/blog\/wp-json\/wp\/v2\/posts"}],"about":[{"href":"https:\/\/www.jocelyne-lopez.de\/blog\/wp-json\/wp\/v2\/types\/post"}],"author":[{"embeddable":true,"href":"https:\/\/www.jocelyne-lopez.de\/blog\/wp-json\/wp\/v2\/users\/3"}],"replies":[{"embeddable":true,"href":"https:\/\/www.jocelyne-lopez.de\/blog\/wp-json\/wp\/v2\/comments?post=309"}],"version-history":[{"count":0,"href":"https:\/\/www.jocelyne-lopez.de\/blog\/wp-json\/wp\/v2\/posts\/309\/revisions"}],"wp:attachment":[{"href":"https:\/\/www.jocelyne-lopez.de\/blog\/wp-json\/wp\/v2\/media?parent=309"}],"wp:term":[{"taxonomy":"category","embeddable":true,"href":"https:\/\/www.jocelyne-lopez.de\/blog\/wp-json\/wp\/v2\/categories?post=309"},{"taxonomy":"post_tag","embeddable":true,"href":"https:\/\/www.jocelyne-lopez.de\/blog\/wp-json\/wp\/v2\/tags?post=309"}],"curies":[{"name":"wp","href":"https:\/\/api.w.org\/{rel}","templated":true}]}}