{"id":279,"date":"2008-04-24T10:58:01","date_gmt":"2008-04-24T09:58:01","guid":{"rendered":"https:\/\/www.jocelyne-lopez.de\/blog\/?p=279"},"modified":"2008-04-25T19:51:38","modified_gmt":"2008-04-25T18:51:38","slug":"grob-fahrlaessig-frau-bundesministerin-annette-schavan","status":"publish","type":"post","link":"https:\/\/www.jocelyne-lopez.de\/blog\/2008\/04\/grob-fahrlaessig-frau-bundesministerin-annette-schavan\/","title":{"rendered":"Grob fahrlaessig, Frau Bundesministerin Annette Schavan!"},"content":{"rendered":"<p align=\"left\">In einem Artikel in der Frankfurter Allgemeinen Zeitung vom 21.02.08 mit dem Titel \u201e<em>Vertraut gef\u00e4lligst! Annette Schavan nennt Schulkritik \u201eKnatscherei<\/em>&#8220; berichtet Christian Geyer \u00fcber dreiste Aussagen unserer Bundesministerin f\u00fcr Bildung und Forschung, Frau Dr. Annette Schavan:<\/p>\n<blockquote>\n<blockquote><p>\u201e<em>Grob fahrl\u00e4ssig<\/em>&#8220; nennt Annette Schavan die Kritik an den Misst\u00e4nden der Gymnasialreform (G8). \u201e<em>Die Debatte in der die Schule heute unter anderem als Diebstahl an der Kindheit bezeichnet wird, ist grob fahrl\u00e4ssig.<\/em>&#8220; So die Bildungsministerin auf der Bildungsmesse \u201edidacta&#8220;. Grob fahrl\u00e4ssig? Umgekehrt wird ein Bildungserlebnis daraus. Grob fahrl\u00e4ssig handelt, wer beide Augen so feste zudr\u00fcckt, dass er die Umsetzungsprobleme bei G8 nicht wahrhaben und von der gestohlenen Kindheit nicht wissen will.<br \/>\n[&#8230;]<br \/>\n&#8222;<em>Was soll denn die ganze Knatscherei?<\/em>&#8222;, fragt Schavan und beschw\u00f6rt \u201e<em>Modernit\u00e4t<\/em>&#8222;, als trotze hier eine Herrin den Kr\u00e4ften der Reaktion: \u201e<em>Es wird nirgendwo in Deutschland eine Rolle r\u00fccksw\u00e4rts geben<\/em>&#8222;. Was f\u00fcr S\u00e4tze! Pl\u00f6tzlich vorbei der Gestus grinsender Diskursivit\u00e4t, nicht einmal die im Denkraum Schavans fest verwurzelte Redefigur des \u201e<em>Dilemmas<\/em>&#8220; wird bem\u00fcht. Statt dessen: pr\u00e4potente Zurechtsweisung im Stil von \u201e<em>nicht sein kann, was nicht sein darf<\/em>&#8222;.<br \/>\n[&#8230;]<br \/>\nMinuten nachdem sie den Deutschen die \u201e<em>Rolle r\u00fcckw\u00e4rts<\/em>&#8220; verweigert hat, rollt Annette Schavan nun selbst r\u00fcckw\u00e4rts voran: \u201e<em>Wir brauchen eine Atmosph\u00e4re wie vor hundert Jahren<\/em>&#8222;. [&#8230;] <em>Wir haben im Bildungswesen weniger eine Qualit\u00e4tskrise als eine Vertrauenskrise<\/em>&#8222;. Das ist B\u00fcrgerschelte auf gar nicht einmal hohem Niveau.<\/p>\n<p>(Christian Geyer)<br \/>\n<font color=\"#ffffff\">&#8212;&#8211;<\/font><\/p><\/blockquote>\n<\/blockquote>\n<p>Nicht nur bei der hier angesprochenen Thematik \u201e<em>Diebstahl an der Kindheit<\/em>&#8220; k\u00f6nnte man Annette Schavan grobe Fahrl\u00e4ssigkeit vorwerfen, sondern wohl auch bei der Thematik \u201e<em>Betrug an der Kindheit<\/em>&#8222;.<\/p>\n<p>Wie ist sonst zu erkl\u00e4ren, dass die gute Frau Bundesministerin f\u00fcr Bildung und Forschung die Relativit\u00e4tstheorie als einzig g\u00fcltige und als unbestritten lehren l\u00e4sst und sich weigert, die seit 100 Jahren weltweit ungebrochene Kritik an der Relativit\u00e4tstheorie in den Schulb\u00fcchern und den Lehrinhalten vermitteln und mitbehandeln zu lassen, geschweige denn nur objektiv zu erw\u00e4hnen? Das ist nicht nur grob fahrl\u00e4ssig, das ist auch ein <a target=\"_blank\" href=\"https:\/\/www.jocelyne-lopez.de\/blog\/?p=221\">Versto\u00df gegen das Grundgesetz<\/a>.\u00a0 Siehe z.B. die weltweit umfangreichste Studie der <a target=\"_blank\" href=\"https:\/\/www.jocelyne-lopez.de\/blog\/?p=49\">Forschungsgruppe G.O. Muller<\/a> \u201e<em>\u00dcber die absolute Gr\u00f6\u00dfe der Relativit\u00e4tstheorie<\/em>&#8222;, eine einmalige Dokumentation \u00fcber die internationale Kritik der Relativit\u00e4tstheorie \u00fcber 95 Jahre mit 3789 kritischen Arbeiten von ca. 1300 Autoren (von Professoren, Doktoren, Ingenieuren, Technikern, Philosophen, Erkenntnistheoretikern, Gelehrten und sogar Nobelpreistr\u00e4gern), die seit ca. 5 Jahren allen Verantwortlichen und Entscheidungstr\u00e4gern der \u00f6ffentlicher Hand &#8211; einschlie\u00dflich der Bundesministerin Schavan &#8211; vorliegt. Diese Studie hat die gute Frau Bundesministerin f\u00fcr Bildung und Forschung wohl <a target=\"_blank\" href=\"https:\/\/www.jocelyne-lopez.de\/blog\/?p=211\">nicht pr\u00fcfen lassen<\/a>, das passt wahrscheinlich auch nicht in ihrem Denkraum der Redefigur des \u201e<em>Dilemmas<\/em>&#8222;, lieber beide Augen ganz fest zudr\u00fccken nach dem Motto \u201e<em>nicht sein kann, was nicht sein darf<\/em>&#8222;, nicht wahr?<\/p>\n<p>Wie ist sonst zu erkl\u00e4ren, dass die gute Frau Bundesministerin f\u00fcr Bildung und Forschung sogar die seit Jahrzehnten nachhaltig von Kritikern erhobenen Vorw\u00fcrfe des Betrugs und der Datenmanipulation mindestens bei <a target=\"_blank\" href=\"https:\/\/www.jocelyne-lopez.de\/blog\/?p=257\">zwei ber\u00fchmten Experimenten<\/a>\u00a0 (die offiziell als Best\u00e4tigung der Relativit\u00e4tstheorie gelehrt werden) ignoriert und die berechtigten, gebetenen\u00a0Untersuchung und Kl\u00e4rung verweigert? Die Bundesministerin f\u00fcr Bildung und Forschung nimmt wohl lieber gerne in Kauf, dass die Sch\u00fcler und die \u00d6ffentlichkeit betrogen und irregef\u00fchrt werden, nicht wahr?\u00a0<\/p>\n<p>Das alles ist nicht nur grob fahrl\u00e4ssig von Annette Schavan, das ist grob gesetzwidrig. Aber mindestens zu einem Punkt kann man der Bundesministerin hier zustimmen:<em> \u201eWir haben im Bildungswesen weniger eine Qualit\u00e4tskrise als eine Vertrauenskrise<\/em>&#8222;.<\/p>\n<p>(Jocelyne Lopez)<\/p>\n","protected":false},"excerpt":{"rendered":"<p>In einem Artikel in der Frankfurter Allgemeinen Zeitung vom 21.02.08 mit dem Titel \u201eVertraut gef\u00e4lligst! Annette Schavan nennt Schulkritik \u201eKnatscherei&#8220; berichtet Christian Geyer \u00fcber dreiste Aussagen unserer Bundesministerin f\u00fcr Bildung und Forschung, Frau Dr. Annette Schavan: \u201eGrob fahrl\u00e4ssig&#8220; nennt Annette Schavan die Kritik an den Misst\u00e4nden der Gymnasialreform (G8). \u201eDie Debatte in der die Schule [&hellip;]<\/p>\n","protected":false},"author":3,"featured_media":0,"comment_status":"closed","ping_status":"open","sticky":false,"template":"","format":"standard","meta":{"om_disable_all_campaigns":false,"_monsterinsights_skip_tracking":false,"_monsterinsights_sitenote_active":false,"_monsterinsights_sitenote_note":"","_monsterinsights_sitenote_category":0,"ngg_post_thumbnail":0,"footnotes":""},"categories":[11,13],"tags":[119,315,37,28,16,1336],"class_list":["post-279","post","type-post","status-publish","format-standard","hentry","category-go-mueller","category-kritik-der-relativitatstheorie","tag-annette-schavan","tag-christian-geyer","tag-dr-annette-schavan","tag-forschungsgruppe-go-mueller","tag-gom-projekt","tag-kritik-der-relativitatstheorie"],"aioseo_notices":[],"_links":{"self":[{"href":"https:\/\/www.jocelyne-lopez.de\/blog\/wp-json\/wp\/v2\/posts\/279"}],"collection":[{"href":"https:\/\/www.jocelyne-lopez.de\/blog\/wp-json\/wp\/v2\/posts"}],"about":[{"href":"https:\/\/www.jocelyne-lopez.de\/blog\/wp-json\/wp\/v2\/types\/post"}],"author":[{"embeddable":true,"href":"https:\/\/www.jocelyne-lopez.de\/blog\/wp-json\/wp\/v2\/users\/3"}],"replies":[{"embeddable":true,"href":"https:\/\/www.jocelyne-lopez.de\/blog\/wp-json\/wp\/v2\/comments?post=279"}],"version-history":[{"count":0,"href":"https:\/\/www.jocelyne-lopez.de\/blog\/wp-json\/wp\/v2\/posts\/279\/revisions"}],"wp:attachment":[{"href":"https:\/\/www.jocelyne-lopez.de\/blog\/wp-json\/wp\/v2\/media?parent=279"}],"wp:term":[{"taxonomy":"category","embeddable":true,"href":"https:\/\/www.jocelyne-lopez.de\/blog\/wp-json\/wp\/v2\/categories?post=279"},{"taxonomy":"post_tag","embeddable":true,"href":"https:\/\/www.jocelyne-lopez.de\/blog\/wp-json\/wp\/v2\/tags?post=279"}],"curies":[{"name":"wp","href":"https:\/\/api.w.org\/{rel}","templated":true}]}}