{"id":2441,"date":"2009-04-26T20:39:12","date_gmt":"2009-04-26T19:39:12","guid":{"rendered":"https:\/\/www.jocelyne-lopez.de\/blog\/?p=2441"},"modified":"2009-04-30T14:00:19","modified_gmt":"2009-04-30T13:00:19","slug":"wo-bleiben-die-%e2%80%9ekonkreten-messungen-der-langenkontraktion-herr-dr-markus-possel","status":"publish","type":"post","link":"https:\/\/www.jocelyne-lopez.de\/blog\/2009\/04\/wo-bleiben-die-%e2%80%9ekonkreten-messungen-der-langenkontraktion-herr-dr-markus-possel\/","title":{"rendered":"Wo bleiben die \u201ekonkreten Messungen&#8220; der L\u00e4ngenkontraktion, Herr Dr. Markus P\u00f6ssel?"},"content":{"rendered":"<p>Ich komme auf meinen Blog-Eintrag\u00a0<a href=\"https:\/\/www.jocelyne-lopez.de\/blog\/2009\/04\/wie-die-relativitatstheorie-uns-die-welt-aus-der-sicht-eines-rasenmahers-sehen-lasst\/\" target=\"_blank\"><em>Wie die Relativit\u00e4tstheorie uns die Welt aus der Sicht eines Rasenm\u00e4hers sehen l\u00e4sst<\/em> <\/a>und auf die Aussage einer Forumsteilnehmerin \u00fcber die relativistische L\u00e4ngenkontraktion zur\u00fcck:<\/p>\n<p style=\"padding-left: 60px;\">\u00a0<em><a href=\"http:\/\/www.mahag.com\/neufor\/viewtopic.php?f=6&amp;t=48&amp;start=480#p4421\" target=\"_blank\">23.04.09 &#8211; Zitat Trigemina<\/a>:<br \/>\n<\/em>[&#8230;] <em>Im \u00fcbrigen ist die von der SRT beschriebene Lorentz-Kontraktion keine echte materielle Verformung des Objekts, sondern beschreibt lediglich die Tatsache, dass sie in verschiedenen Bezugssystemen so gemessen wird.<\/em><\/p>\n<p>Diese Aussage ist definitiv falsch und irref\u00fchrend, sie ist daf\u00fcr ein fester Bestandteil der Relativistik-Propaganda, die brav als &#8222;<em>Tatsache<\/em>&#8220; kolportiert wird. Die L\u00e4ngenkontraktion von bewegten Objekten ist n\u00e4mlich nie \u201e<em>gemessen<\/em>&#8220; worden, sondern sie ist lediglich eine mathematische Konstruktion aufgrund eines Postulats. Das hat mit einer \u201e<em>Messung<\/em>&#8220; gar nichts zu tun, Mathematik ist keine Me\u00dfkunde und die Mathematik hat definitiv keine Beweiskraft f\u00fcr physikalische Annahmen, sie beschreibt sie nur.<\/p>\n<p>Dieses M\u00e4rchen von vermeintlichen \u201e<em>Messungen<\/em>&#8220; der relativistischen L\u00e4ngenkontraktion wird aber von den offiziellen Vertretern der Relativit\u00e4tstheorie kolportiert und tradiert, siehe zum Beispiel in meiner <em><a href=\"https:\/\/www.jocelyne-lopez.de\/blog\/2008\/09\/kompletter-austausch-mit-herrn-dr-markus-poessel\/trackback\/\" target=\"_blank\">Korrespondenz<\/a><\/em> mit Herrn Dr. Markus P\u00f6ssel, Redakteur der Webseite &#8222;<em>Einstein Online<\/em>&#8220; der Max-Planck Gesellschaft:\n<\/p>\n<p style=\"padding-left: 60px;\"><a href=\"https:\/\/www.jocelyne-lopez.de\/blog\/2008\/08\/austausch-mit-herrn-dr-markus-poessel-vom-17190808\/trackback\/\" target=\"_blank\"><em>17.08.08 &#8211; Zitat Dr. Markus P\u00f6ssel<\/em><\/a>:<br \/>\n<em>Die Laengenkontraktion geht nicht mit materiellen Veraenderungen des Koerpers einher; die Verschiedenheit der Werte ergibt sich allein daraus, dass von unterschiedlichen Bezugssystemen aus gemessen wird &#8211; ganz analog dazu, wie sich die verschiedenen Werte fuer Relativgeschwindigkeiten ergeben. Die gemessenen Laengenwerte sind selbstverstaendlich real &#8211; so real wie die Messungen von Relativgeschwindigkeiten. Es handelt sich nicht um optische Taeuschungen oder dergleichen, <strong><span style=\"text-decoration: underline;\">sondern um die Ergebnisse konkreter Messungen.<\/span><\/strong><\/em> [Hervorhebung durch Lopez].<\/p>\n<p>Dass die Relativisten mathematische Formulierung von Erscheinungen und Projektionen bzw. von Fantastereien \u201e<em>Messungen<\/em>&#8220; nennen, ist nicht nur ein Missbrauch der Sprache zur Vernebelung und zur Irref\u00fchrung, das ist in diesem wissenschaftlichen Kontext in meinen Augen schlicht und einfach unredlich. Wo Dr. Markus P\u00f6ssel zum Biespiel bei den Projektionen von Erscheinungen mit ver\u00e4nderlichen Ma\u00dfst\u00e4ben in der Speziellen Relativit\u00e4tstheorie \u201e<em>konkrete Messungen<\/em>&#8220; sieht, ist mir ein R\u00e4tsel &#8211; \u00a0zumal die L\u00e4ngenkontraktion nach seinen eigenen Aussagen <span style=\"text-decoration: underline;\">nicht materiell<\/span> ist, also auch nicht <span style=\"text-decoration: underline;\">konkret<\/span> gemessen werden kann, logisch. Oder wie misst man konkret die Verk\u00fcrzung eines Objekts, wenn dieses Objekt sich konkret nicht verk\u00fcrzt? Das ist doch eine Farce, oder?<\/p>\n<p>(Jocelyne Lopez)<\/p>\n","protected":false},"excerpt":{"rendered":"<p>Ich komme auf meinen Blog-Eintrag\u00a0Wie die Relativit\u00e4tstheorie uns die Welt aus der Sicht eines Rasenm\u00e4hers sehen l\u00e4sst und auf die Aussage einer Forumsteilnehmerin \u00fcber die relativistische L\u00e4ngenkontraktion zur\u00fcck: \u00a023.04.09 &#8211; Zitat Trigemina: [&#8230;] Im \u00fcbrigen ist die von der SRT beschriebene Lorentz-Kontraktion keine echte materielle Verformung des Objekts, sondern beschreibt lediglich die Tatsache, dass sie [&hellip;]<\/p>\n","protected":false},"author":3,"featured_media":0,"comment_status":"closed","ping_status":"open","sticky":false,"template":"","format":"standard","meta":{"om_disable_all_campaigns":false,"_monsterinsights_skip_tracking":false,"_monsterinsights_sitenote_active":false,"_monsterinsights_sitenote_note":"","_monsterinsights_sitenote_category":0,"ngg_post_thumbnail":0,"footnotes":""},"categories":[13],"tags":[39,28,16,1336],"class_list":["post-2441","post","type-post","status-publish","format-standard","hentry","category-kritik-der-relativitatstheorie","tag-dr-markus-possel","tag-forschungsgruppe-go-mueller","tag-gom-projekt","tag-kritik-der-relativitatstheorie"],"aioseo_notices":[],"_links":{"self":[{"href":"https:\/\/www.jocelyne-lopez.de\/blog\/wp-json\/wp\/v2\/posts\/2441"}],"collection":[{"href":"https:\/\/www.jocelyne-lopez.de\/blog\/wp-json\/wp\/v2\/posts"}],"about":[{"href":"https:\/\/www.jocelyne-lopez.de\/blog\/wp-json\/wp\/v2\/types\/post"}],"author":[{"embeddable":true,"href":"https:\/\/www.jocelyne-lopez.de\/blog\/wp-json\/wp\/v2\/users\/3"}],"replies":[{"embeddable":true,"href":"https:\/\/www.jocelyne-lopez.de\/blog\/wp-json\/wp\/v2\/comments?post=2441"}],"version-history":[{"count":0,"href":"https:\/\/www.jocelyne-lopez.de\/blog\/wp-json\/wp\/v2\/posts\/2441\/revisions"}],"wp:attachment":[{"href":"https:\/\/www.jocelyne-lopez.de\/blog\/wp-json\/wp\/v2\/media?parent=2441"}],"wp:term":[{"taxonomy":"category","embeddable":true,"href":"https:\/\/www.jocelyne-lopez.de\/blog\/wp-json\/wp\/v2\/categories?post=2441"},{"taxonomy":"post_tag","embeddable":true,"href":"https:\/\/www.jocelyne-lopez.de\/blog\/wp-json\/wp\/v2\/tags?post=2441"}],"curies":[{"name":"wp","href":"https:\/\/api.w.org\/{rel}","templated":true}]}}