{"id":210,"date":"2008-02-28T10:30:01","date_gmt":"2008-02-28T09:30:01","guid":{"rendered":"https:\/\/www.jocelyne-lopez.de\/blog\/?p=210"},"modified":"2008-02-28T13:18:54","modified_gmt":"2008-02-28T12:18:54","slug":"kennt-prof-dr-jurgen-richter-auch-kein-experiment-zur-experimentellen-bestatigung-des-postulats-einsteins","status":"publish","type":"post","link":"https:\/\/www.jocelyne-lopez.de\/blog\/2008\/02\/kennt-prof-dr-jurgen-richter-auch-kein-experiment-zur-experimentellen-bestatigung-des-postulats-einsteins\/","title":{"rendered":"Kennt Prof. Dr. J\u00fcrgen Richter auch kein Experiment zur experimentellen Best\u00e4tigung des Postulats Einsteins?"},"content":{"rendered":"<p>Ich komme zur\u00fcck auf meinen Eintrag in diesem Blog <a target=\"_blank\" href=\"https:\/\/www.jocelyne-lopez.de\/blog\/?p=207\">Verkriechen sich die Physik-Machthaber des Max-Planck-Instituts f\u00fcr Gravitationsphysik vor den Kritikern der Relativit\u00e4tstheorie in ihrem Institut?<\/a>, wo dokumentiert ist, dass die Bundesministerin f\u00fcr Bildung und Forschung, Frau Annette Schavan, mich f\u00fcr eine gezielte Frage nach der experimentellen Nachpr\u00fcfung des Postulats Einsteins an das Max-Planck-Institut f\u00fcr Gravitationsphysik \/ Albert-Einstein-Institut verwiesen hat.<\/p>\n<p>Eigentlich hat ein Mitarbeiter von Frau Schavan, Prof. Dr. J\u00fcrgen Richter, diese Antwort in ihrem Auftrag verfasst, siehe die Zusammenstellung meiner <a target=\"_blank\" href=\"http:\/\/www.ekkehard-friebe.de\/Lopez-an-Bundestagsabgeordnete.pdf\">Korrespondenz mit Bundestagsabgeordneten<\/a>:<\/p>\n<blockquote>\n<blockquote><p><strong>Antwort vom 09.05.07 von Prof. Dr. J\u00fcrgen Richter \/BMF<\/strong><\/p>\n<p>Sehr geehrte Frau Lopez,<\/p>\n<p>ich danke f\u00fcr Ihre weitere Anfrage an das Bundesministerium f\u00fcr Bildung und Forschung zum Thema \u201eKritik der Einsteinschen Relativit\u00e4tstheorie&#8220;.<\/p>\n<p>Wie Ihnen bereits mitgeteilt, es ist nicht Aufgabe des Bundesministeriums f\u00fcr Bildung und Forschung, zu physikalischen Theorien Stellung zu nehmen oder im wissenschaftlichen Meinungsstreit Position zu beziehen.<\/p>\n<p>Die Beurteilung von Ergebnissen der wissenschaftlichen Forschung obliegt den Fachleuten und entsprechenden wissenschaftlichen Institutionen. Im Falle der Relativit\u00e4tstheorie w\u00e4re dies z. B. das Max-Planck-Institut f\u00fcr Gravitationsphysik \/ Einstein-Institut in Potsdam-Golm.<\/p>\n<p>Mit freundlichen Gr\u00fc\u00dfen<br \/>\nIm Auftrag<br \/>\nJ\u00fcrgen Richter<\/p>\n<p><font color=\"#ffffff\">&#8212;&#8212;&#8211;<\/font><\/p><\/blockquote>\n<\/blockquote>\n<p>Konnte Prof. Dr. J\u00fcrgen Richter, Physiker, <a target=\"_blank\" href=\"http:\/\/www.dpg-physik.de\/dpg\/organisation\/mitglied.html?id=059254-\">Herausgeber und Lenkungsausschuss des Internet-Portal &#8222;<em>Welt der Physik<\/em>&#8220; (BMBF)<\/a> nicht selbst eine einfache, gezielte Frage beantworten und mir ein einziges unter den \u201e<em>Tausenden<\/em>&#8220; Experimenten nennen, die das Postulat Einsteins best\u00e4tigt haben sollten? Hat er nur die Qual der Wahl gehabt oder kennt er etwa auch keins?<\/p>\n<p>Was denkt Prof. Dr. J\u00fcrgen Richter dar\u00fcber, dass auch seine Kollegen vom Max-Planck-Institut f\u00fcr Gravitationsphysik \/ Albert Einstein Institut in Potsdam, die er mir im Auftrag der Bundesministerin f\u00fcr Bildung und Forschung zur Beantwortung meiner Frage genannt hat, trotz Erinnerung meine Frage ignoriert haben? Ist Prof. Dr. J\u00fcrgen Richter nicht durch seinen Amtseid verpflichtet daf\u00fcr zu sorgen, dass grundlegende Fragen \u00fcber die G\u00fcltigkeit einer etablierten und im Bildungssystem als g\u00fcltig gelehrte Theorie aufgenommen und beantwortet werden?<\/p>\n<p>Versto\u00dft hiermit Prof. Dr. J\u00fcrgen Richter gegen die Bestimmungen des Art. 5 \u00a7 3 GG \u00fcber die Wissenschaftsfreiheit? Siehe z.B. <em>Bonner Kommentar zum Grundgesetz <\/em>im Offenen Brief der Forschungsgruppe G.O. Mueller vom M\u00e4rz 2007<a href=\"https:\/\/www.jocelyne-lopez.de\/blog\/?p=92\">\u00a0an 100 Professoren der Humboldt-Universit\u00e4t Berlin und an 100 Professoren der Technischen Universit\u00e4t Dresden <\/a><\/p>\n<p>(Jocelyne Lopez)<\/p>\n<p>&#8212;&#8212;&#8212;&#8212;&#8212;&#8212;&#8212;&#8212;&#8212;&#8212;&#8212;&#8212;<\/p>\n<h2><\/h2>\n<h2><\/h2>\n<h2><\/h2>\n<p><strong>N.B:<\/strong> : Das Internet-Portal &#8222;<a target=\"_blank\" href=\"http:\/\/www.dpg-physik.de\/dpg\/organisation\/andere\/publikationen.html#id813\">Welt der Physik<\/a>&#8220; (Herausgeber und Lenkungsausschu\u00df Prof. Dr. J\u00fcrgen Richter) stellt sich im Internet so vor:<\/p>\n<blockquote>\n<blockquote><p>gegr\u00fcndet 2002<br \/>\nDas Internetportal <a href=\"http:\/\/www.weltderphysik.de\/\">weltderphysik.de<\/a> wendet sich mit Informationen aus der Physik in allgemein verst\u00e4ndlicher Form an den wissenschaftlichen Nachwuchs, Lehrkr\u00e4fte, interessierte B\u00fcrgerinnen und B\u00fcrger sowie an die Medien.<br \/>\nFinanzielle F\u00f6rderung: Bundesministerium f\u00fcr Bildung und Forschung<\/p><\/blockquote>\n<\/blockquote>\n","protected":false},"excerpt":{"rendered":"<p>Ich komme zur\u00fcck auf meinen Eintrag in diesem Blog Verkriechen sich die Physik-Machthaber des Max-Planck-Instituts f\u00fcr Gravitationsphysik vor den Kritikern der Relativit\u00e4tstheorie in ihrem Institut?, wo dokumentiert ist, dass die Bundesministerin f\u00fcr Bildung und Forschung, Frau Annette Schavan, mich f\u00fcr eine gezielte Frage nach der experimentellen Nachpr\u00fcfung des Postulats Einsteins an das Max-Planck-Institut f\u00fcr Gravitationsphysik [&hellip;]<\/p>\n","protected":false},"author":3,"featured_media":0,"comment_status":"closed","ping_status":"open","sticky":false,"template":"","format":"standard","meta":{"om_disable_all_campaigns":false,"_monsterinsights_skip_tracking":false,"_monsterinsights_sitenote_active":false,"_monsterinsights_sitenote_note":"","_monsterinsights_sitenote_category":0,"ngg_post_thumbnail":0,"footnotes":""},"categories":[11,13],"tags":[41,119,28,12,1336,247,251,129],"class_list":["post-210","post","type-post","status-publish","format-standard","hentry","category-go-mueller","category-kritik-der-relativitatstheorie","tag-albert-einstein-institut","tag-annette-schavan","tag-forschungsgruppe-go-mueller","tag-gom-projekt-relativitatstheorie","tag-kritik-der-relativitatstheorie","tag-max-planck-institut-fur-gravitationsphysik","tag-mpiaei","tag-prof-dr-jurgen-richter"],"aioseo_notices":[],"_links":{"self":[{"href":"https:\/\/www.jocelyne-lopez.de\/blog\/wp-json\/wp\/v2\/posts\/210"}],"collection":[{"href":"https:\/\/www.jocelyne-lopez.de\/blog\/wp-json\/wp\/v2\/posts"}],"about":[{"href":"https:\/\/www.jocelyne-lopez.de\/blog\/wp-json\/wp\/v2\/types\/post"}],"author":[{"embeddable":true,"href":"https:\/\/www.jocelyne-lopez.de\/blog\/wp-json\/wp\/v2\/users\/3"}],"replies":[{"embeddable":true,"href":"https:\/\/www.jocelyne-lopez.de\/blog\/wp-json\/wp\/v2\/comments?post=210"}],"version-history":[{"count":0,"href":"https:\/\/www.jocelyne-lopez.de\/blog\/wp-json\/wp\/v2\/posts\/210\/revisions"}],"wp:attachment":[{"href":"https:\/\/www.jocelyne-lopez.de\/blog\/wp-json\/wp\/v2\/media?parent=210"}],"wp:term":[{"taxonomy":"category","embeddable":true,"href":"https:\/\/www.jocelyne-lopez.de\/blog\/wp-json\/wp\/v2\/categories?post=210"},{"taxonomy":"post_tag","embeddable":true,"href":"https:\/\/www.jocelyne-lopez.de\/blog\/wp-json\/wp\/v2\/tags?post=210"}],"curies":[{"name":"wp","href":"https:\/\/api.w.org\/{rel}","templated":true}]}}