{"id":174,"date":"2008-01-25T09:42:13","date_gmt":"2008-01-25T08:42:13","guid":{"rendered":"https:\/\/www.jocelyne-lopez.de\/blog\/?p=174"},"modified":"2008-01-25T09:44:45","modified_gmt":"2008-01-25T08:44:45","slug":"albert-einstein-es-ist-im-interesse-der-wissenschaft-notig-dass-kritik-geubt-wird","status":"publish","type":"post","link":"https:\/\/www.jocelyne-lopez.de\/blog\/2008\/01\/albert-einstein-es-ist-im-interesse-der-wissenschaft-notig-dass-kritik-geubt-wird\/","title":{"rendered":"Albert Einstein: Es ist im Interesse der Wissenschaft n\u00f6tig, dass Kritik ge\u00fcbt wird"},"content":{"rendered":"<p>Albert Einstein hat 1953 ein Vorwort in deutscher Sprache zu einem kritischen Buch von\u00a0\u00a0Max Jammer geschrieben<strong>:<\/strong><\/p>\n<p><strong>Concepts of space<\/strong><strong><em><br \/>\n<\/em>Max Jammer<br \/>\n<\/strong>Harvard University Press, Cambridge\/USA, 1954<br \/>\nDeutsche Fassung: <em>Das Problem des Raumes<\/em><br \/>\nWissenschaftliche Buchgesellschaft, Darmstadt 1960<\/p>\n<p><font color=\"#ffffff\">&#8212;&#8211;<\/font><\/p>\n<p>Nachstehend Ausz\u00fcge aus diesem Vorwort von Albert Einstein:<\/p>\n<blockquote>\n<blockquote><p>Um die Wichtigkeit solcher Untersuchungen wie die hier vorliegende von Dr. Jammer wirklich voll zu w\u00fcrdigen, mag man sich Folgendes vor Augen halten. Die Augen des Wissenschaftlers sind auf die der Beobachtung zug\u00e4nglichen Ph\u00e4nomene und auf deren begriffliche Erfassung gerichtet. Bei dem Streben nach begrifflicher Erfassung der schier un\u00fcbersehbaren Masse des Erfahrungsmaterials bedient er sich eines Arsenals von Begriffen, die er sozusagen mit der Muttermilch eingesogen hat, und deren ewig problematischen Charakters er sich nicht oder nur selten bewu\u00dft wird. Er verwendet dieses begriffliche Material oder &#8211; besser gesagt &#8211; diese begrifflichen Werkzeuge wie etwas unverr\u00fcckbar und selbstverst\u00e4ndlich Gegebenes, an dessen objektivem Wahrheitswert er meist gar nicht oder doch nicht im Ernst zweifelt. Wie k\u00f6nnte er anders? Wie w\u00fcrde eine Bergbesteigung m\u00f6glich sein, wenn der Gebrauch von H\u00e4nden, Beinen und Werkzeugen Schritt f\u00fcr Schritt erst aufgrund der wissenschaftlichen Mechanik sanktioniert werden m\u00fc\u00dfte? Und doch ist es im Interesse der Wissenschaft n\u00f6tig, da\u00df immer wieder an diesen fundamentalen Begriffen Kritik ge\u00fcbt wird, damit wir nicht unwissentlich von ihnen beherrscht werden. Dies wird besonders deutlich in Situationen der Entwicklung, in denen der konsequente Gebrauch der \u00fcberlieferten fundamentalen Begriffe uns zu schwer aufl\u00f6sbaren Paradoxien f\u00fchrt.<\/p><\/blockquote>\n<\/blockquote>\n<p><font color=\"#ffffff\">&#8212;&#8212;&#8212;&#8212;\u00a0<\/font><\/p>\n<p>Diese auch als selbstkritisch zu erkennenden \u00c4u\u00dferungen Einsteins am Ende seines Lebens sind in Bezug auf andere \u00c4u\u00dferungen und Unsicherheiten Einsteins aus dem Jahre 1949 \u00fcber die G\u00fcltigkeit seiner Theorie anzusehen, die u.a. im Buch von Karl Brinkmann \u201e<em>Zu Zeit und Raum<\/em>&#8220; (Johannes Berchmanns Verlag, Augsburg) zitiert wurden:<\/p>\n<blockquote>\n<blockquote><p>&#8222;In einem Brief an seinen Freund Solovine aus dem Jahre 1949 (ver\u00f6ffentlicht unter \u201e<em>Lettres \u00e0 Maurice Solovine<\/em>&#8222;, Paris 1956, S. 94) hat er ein bemerkenswertes Eingest\u00e4ndnis gemacht, indem er schrieb:<\/p>\n<p>\u201e &#8230; <em>Sie stellen es sich so vor, dass ich mit stiller Befriedigung auf ein Lebenswerk zur\u00fcckschaue. Aber es ist ganz anders von der N\u00e4he gesehen. Da ist kein einziger Begriff, von dem ich \u00fcberzeugt w\u00e4re, dass er standhalten wird, und ich f\u00fchle mich unsicher, ob ich \u00fcberhaupt auf dem rechten Wege bin&#8230;.<\/em>&#8220;<\/p>\n<p>Diese \u00c4u\u00dferung Einsteins ist sicher nicht allein als blo\u00dfe Bescheidenheit zu beurteilen, sondern mehr als ein kritisches wie ehrliches Bekenntnis zur M\u00f6glichkeit der Unrichtigkeit seiner Lehre.&#8220;<\/p><\/blockquote>\n<\/blockquote>\n<p><font color=\"#ffffff\">&#8212;-<\/font><\/p>\n<p>Siehe: <a target=\"_blank\" href=\"http:\/\/www.ekkehard-friebe.de\/EINSTEIN-1953.pdf\">Vorwort von Albert Einstein<\/a> zum Buch \u201e<em>Das Problem des Raumes<\/em>&#8220; von Max Jammer<\/p>\n","protected":false},"excerpt":{"rendered":"<p>Albert Einstein hat 1953 ein Vorwort in deutscher Sprache zu einem kritischen Buch von\u00a0\u00a0Max Jammer geschrieben: Concepts of space Max Jammer Harvard University Press, Cambridge\/USA, 1954 Deutsche Fassung: Das Problem des Raumes Wissenschaftliche Buchgesellschaft, Darmstadt 1960 &#8212;&#8211; Nachstehend Ausz\u00fcge aus diesem Vorwort von Albert Einstein: Um die Wichtigkeit solcher Untersuchungen wie die hier vorliegende von [&hellip;]<\/p>\n","protected":false},"author":3,"featured_media":0,"comment_status":"closed","ping_status":"open","sticky":false,"template":"","format":"standard","meta":{"om_disable_all_campaigns":false,"_monsterinsights_skip_tracking":false,"_monsterinsights_sitenote_active":false,"_monsterinsights_sitenote_note":"","_monsterinsights_sitenote_category":0,"ngg_post_thumbnail":0,"footnotes":""},"categories":[13],"tags":[28,12,1336],"class_list":["post-174","post","type-post","status-publish","format-standard","hentry","category-kritik-der-relativitatstheorie","tag-forschungsgruppe-go-mueller","tag-gom-projekt-relativitatstheorie","tag-kritik-der-relativitatstheorie"],"aioseo_notices":[],"_links":{"self":[{"href":"https:\/\/www.jocelyne-lopez.de\/blog\/wp-json\/wp\/v2\/posts\/174"}],"collection":[{"href":"https:\/\/www.jocelyne-lopez.de\/blog\/wp-json\/wp\/v2\/posts"}],"about":[{"href":"https:\/\/www.jocelyne-lopez.de\/blog\/wp-json\/wp\/v2\/types\/post"}],"author":[{"embeddable":true,"href":"https:\/\/www.jocelyne-lopez.de\/blog\/wp-json\/wp\/v2\/users\/3"}],"replies":[{"embeddable":true,"href":"https:\/\/www.jocelyne-lopez.de\/blog\/wp-json\/wp\/v2\/comments?post=174"}],"version-history":[{"count":0,"href":"https:\/\/www.jocelyne-lopez.de\/blog\/wp-json\/wp\/v2\/posts\/174\/revisions"}],"wp:attachment":[{"href":"https:\/\/www.jocelyne-lopez.de\/blog\/wp-json\/wp\/v2\/media?parent=174"}],"wp:term":[{"taxonomy":"category","embeddable":true,"href":"https:\/\/www.jocelyne-lopez.de\/blog\/wp-json\/wp\/v2\/categories?post=174"},{"taxonomy":"post_tag","embeddable":true,"href":"https:\/\/www.jocelyne-lopez.de\/blog\/wp-json\/wp\/v2\/tags?post=174"}],"curies":[{"name":"wp","href":"https:\/\/api.w.org\/{rel}","templated":true}]}}