{"id":168,"date":"2008-01-20T09:50:09","date_gmt":"2008-01-20T08:50:09","guid":{"rendered":"https:\/\/www.jocelyne-lopez.de\/blog\/?p=168"},"modified":"2009-10-02T19:04:48","modified_gmt":"2009-10-02T18:04:48","slug":"walter-theimer-die-relativitatstheorie-lehre-wirkung-kritik","status":"publish","type":"post","link":"https:\/\/www.jocelyne-lopez.de\/blog\/2008\/01\/walter-theimer-die-relativitatstheorie-lehre-wirkung-kritik\/","title":{"rendered":"Walter Theimer: Die Relativit\u00e4tstheorie &#8211; Lehre &#8211; Wirkung &#8211; Kritik"},"content":{"rendered":"<p>Eine Buchempfehlung:<\/p>\n<p><strong>Die Relativit\u00e4tstheorie<br \/>\n<\/strong><strong>Lehre &#8211; Wirkung &#8211; Kritik<br \/>\nWalter Theimer<br \/>\n<\/strong>Neuauflage 2006<br \/>\n<a target=\"_blank\" href=\"http:\/\/www.mahag.com\/theimer.php\">Edition Mahag<\/a><\/p>\n<p><font color=\"#ffffff\">.<\/font><\/p>\n<p>Mit einer Rezension von Harald Maurer:<\/p>\n<blockquote>\n<blockquote><p>Das legend\u00e4re Buch von Walter Theimer &#8222;<em><strong>Die Relativit\u00e4tstheorie <\/strong>&#8211; Lehre &#8211; Wirkung &#8211; Kritik<\/em>&#8220; ist endlich wieder erh\u00e4ltlich. Dieses Buch ist Pflichtlekt\u00fcre sowohl f\u00fcr Kenner, Bef\u00fcrworter und Gegner der Relativit\u00e4tstheorie. Es handelt sich nicht nur um eine wissenschaftliche, jedoch jedem Gebildeten verst\u00e4ndliche Darstellung der Relativit\u00e4tstheorie Einsteins, sondern in diesem Buch ist auch die Kritik an der Theorie verarbeitet, die in den meisten Darstellungen der Relativit\u00e4tstheorie zu kurz kommt. Die philosophischen Aspekte der Theorie Einsteins werden ebenso behandelt wie die physikalischen. Insbesondere wird die logische Struktur der Relativit\u00e4tstheorie untersucht.<\/p>\n<p>Georg Galeczki &amp; Peter Marquardt schreiben in ihrem Buch &#8222;<em>Requiem f\u00fcr die Spezielle Relativit\u00e4t<\/em>&#8220; \u00fcber das Buch Theimers:<\/p>\n<p><em>Dieses 200 Seiten starke Taschenbuch, dem seinerzeit kein gro\u00dfer Erfolg beschieden war, ist einer der lesenswertesten kritischen Texte zur Relativit\u00e4tstheorie in deutscher Sprache, die in der j\u00fcngeren Zeit verfa\u00dft worden sind; die Ber\u00fccksichtigung von Lehre-Wirkung-Kritik ist vorbildlich f\u00fcr eine wissenschaftliche Darstellung.<\/em><\/p><\/blockquote>\n<\/blockquote>\n<p><font color=\"#ffffff\">.<\/font><\/p>\n<p>Und mit einem Vorwort von Ekkehard Friebe:<\/p>\n<blockquote>\n<blockquote><p><strong>Vorwort zur Neuauflage<\/strong><\/p>\n<p>Anla\u00df f\u00fcr diese Neuauflage des oben genannten Buches ist das sogenannte &#8222;<em>Einsteinjahr 2005<\/em>&#8222;, in dem die 100-j\u00e4hrige Wiederkehr der Begr\u00fcndung der Relativit\u00e4tstheorie durch Albert EINSTEIN im Jahre 1905 in vielen Medien in besonderem Ma\u00dfe herausgestellt wurde.<\/p>\n<p>Das urspr\u00fcnglich im Jahre 1977 erschienene Buch wurde seinerzeit von der Fachwelt nur mit gro\u00dfen Vorbehalten aufgenommen. Deshalb erlebte das Buch keine hohen Auflagenzahlen und war zum Bedauern vieler interessierter Laien und Wissenschaftler bald nicht mehr erh\u00e4ltlich. Die Zeit war einfach noch nicht reif f\u00fcr einen wissenschaftlichen Umbruch, der sich inzwischen weitaus deutlicher abzeichnet als damals. Denn inzwischen sind eine ganze Reihe weiterer kritischer Ver\u00f6ffentlichungen zur Relativit\u00e4tstheorie erschienen, die zum Teil in einem Anhang zur Neuauflage aufgelistet sind.<\/p>\n<p>Dr. rer. nat. Walter THEIMER wurde am 5. 11. 1903 in Prag geboren und starb am 15. 10. 1989 in M\u00fcnchen. Er besuchte in Prag das Realgymnasium und die Handelsakademie, machte eine Banklehre und arbeitete bis 1939 als Redakteur (Wirtschaft, B\u00f6rse) an der deutschen Zeitung &#8222;Bohemia&#8220; in Prag. Dann war er in London Angestellter im Archiv der BBC (dank deutscher, englischer, tschechischer, russischer, spanischer und franz\u00f6sischer Sprachkenntnisse).<\/p>\n<p>Nach dem Kriege begann er, sich seinen Jugendtraum zu erf\u00fcllen und in London Chemie zu studieren. Er erweiterte sein Studium auf Biologie und Physik und studierte in Bern, Hamburg, Bonn (Diplom) und M\u00fcnchen (Promotion). Nebenher war er als Journalist, \u00dcbersetzer und Verfasser politischer und naturwissenschaftlicher Werke t\u00e4tig.<\/p>\n<p>Wichtige Werke: Lexikon der Politik (1947, 9. Aufl. 1985); Der Marxismus (1950, 8. Aufl. 1985); Geschichte der politischen Ideen (1956, 4.Aufl. 1973); Altern und Alter (1973): Die Relativit\u00e4tstheorie (1977); Handbuch naturwissenschaftlicher Grundbegriffe (1978, 2. Aufl. 1986); \u00d6l und Gas aus Kohle (1980); Das R\u00e4tsel des Alterns (1983); Was ist Wissenschaft? (1985); Geschichte des Sozialismus (1988).<\/p>\n<p>Das Hauptanliegen von Dr. THEIMER war &#8211; dies erkl\u00e4rt auch die scheinbare Uneinheitlichkeit seiner Ver\u00f6ffentlichungen &#8211; die Untersuchung und, wenn n\u00f6tig, die Kritik von Ideologien, unbewiesenen Theorien und verf\u00fchrerischen, nicht durchdachten Denkgeb\u00e4uden: Der Versuch, den gesunden Menschenverstand zu behaupten.<\/p>\n<p>Dr. THEIMER sollte uns allen ein Vorbild sein. Durch seine umfassenden Kenntnisse aus den verschiedensten Fachbereichen war es ihm in hervorragender Weise m\u00f6glich, mit seinen Ver\u00f6ffentlichungen eine ganzheitliche Sicht der \u00fcbergreifenden Zusammenh\u00e4nge der Dinge zu geben.<\/p>\n<p>Die Neuauflage des Buches: &#8222;<em>Die Relativit\u00e4tstheorie &#8211; Lehre, Wirkung, Kritik<\/em>&#8220; kann jedem Naturwissenschaftler &#8211; ob Physiker, Chemiker, Biologe, Arzt oder Techniker &#8211; besonders empfohlen werden. Nicht zuletzt auch wegen der erweiterten Bibliographie.<\/p><\/blockquote>\n<\/blockquote>\n<p><font color=\"#ffffff\">.<\/font><\/p>\n<p>Edition Mahag versendet das Buch nur innerhalb \u00d6sterreichs.<\/p>\n<p>Das Buch ist z.B. bei amazon, libri oder bei jeder Online-Buchhandlung zu beziehen, sowie sowie in allen guten Buchhandlungen erh\u00e4ltlich.<\/p>\n<p>Auslieferung f\u00fcr Deutschland: Libri und Umbreit<br \/>\nAuslieferung f\u00fcr Schweiz: Schweizer Buchzentrum<br \/>\nAuslieferung f\u00fcr \u00d6sterreich: <a target=\"_blank\" href=\"http:\/\/www.mahag.com\/theimer.php\">Edition Mahag<\/a><\/p>\n","protected":false},"excerpt":{"rendered":"<p>Eine Buchempfehlung: Die Relativit\u00e4tstheorie Lehre &#8211; Wirkung &#8211; Kritik Walter Theimer Neuauflage 2006 Edition Mahag . Mit einer Rezension von Harald Maurer: Das legend\u00e4re Buch von Walter Theimer &#8222;Die Relativit\u00e4tstheorie &#8211; Lehre &#8211; Wirkung &#8211; Kritik&#8220; ist endlich wieder erh\u00e4ltlich. Dieses Buch ist Pflichtlekt\u00fcre sowohl f\u00fcr Kenner, Bef\u00fcrworter und Gegner der Relativit\u00e4tstheorie. Es handelt sich [&hellip;]<\/p>\n","protected":false},"author":3,"featured_media":0,"comment_status":"closed","ping_status":"open","sticky":false,"template":"","format":"standard","meta":{"om_disable_all_campaigns":false,"_monsterinsights_skip_tracking":false,"_monsterinsights_sitenote_active":false,"_monsterinsights_sitenote_note":"","_monsterinsights_sitenote_category":0,"ngg_post_thumbnail":0,"footnotes":""},"categories":[13],"tags":[33,1335,29,12,149,1336,30,199],"class_list":["post-168","post","type-post","status-publish","format-standard","hentry","category-kritik-der-relativitatstheorie","tag-ekkehard-friebe","tag-go-mueller","tag-georg-galeczki","tag-gom-projekt-relativitatstheorie","tag-harald-maurer","tag-kritik-der-relativitatstheorie","tag-peter-marquardt","tag-walter-theimer"],"aioseo_notices":[],"_links":{"self":[{"href":"https:\/\/www.jocelyne-lopez.de\/blog\/wp-json\/wp\/v2\/posts\/168"}],"collection":[{"href":"https:\/\/www.jocelyne-lopez.de\/blog\/wp-json\/wp\/v2\/posts"}],"about":[{"href":"https:\/\/www.jocelyne-lopez.de\/blog\/wp-json\/wp\/v2\/types\/post"}],"author":[{"embeddable":true,"href":"https:\/\/www.jocelyne-lopez.de\/blog\/wp-json\/wp\/v2\/users\/3"}],"replies":[{"embeddable":true,"href":"https:\/\/www.jocelyne-lopez.de\/blog\/wp-json\/wp\/v2\/comments?post=168"}],"version-history":[{"count":0,"href":"https:\/\/www.jocelyne-lopez.de\/blog\/wp-json\/wp\/v2\/posts\/168\/revisions"}],"wp:attachment":[{"href":"https:\/\/www.jocelyne-lopez.de\/blog\/wp-json\/wp\/v2\/media?parent=168"}],"wp:term":[{"taxonomy":"category","embeddable":true,"href":"https:\/\/www.jocelyne-lopez.de\/blog\/wp-json\/wp\/v2\/categories?post=168"},{"taxonomy":"post_tag","embeddable":true,"href":"https:\/\/www.jocelyne-lopez.de\/blog\/wp-json\/wp\/v2\/tags?post=168"}],"curies":[{"name":"wp","href":"https:\/\/api.w.org\/{rel}","templated":true}]}}