{"id":143,"date":"2007-12-07T10:39:33","date_gmt":"2007-12-07T09:39:33","guid":{"rendered":"https:\/\/www.jocelyne-lopez.de\/blog\/?p=143"},"modified":"2007-12-07T10:42:18","modified_gmt":"2007-12-07T09:42:18","slug":"jocelyne-lopez-wie-ich-zur-kritik-der-relativitatstheorie-kam","status":"publish","type":"post","link":"https:\/\/www.jocelyne-lopez.de\/blog\/2007\/12\/jocelyne-lopez-wie-ich-zur-kritik-der-relativitatstheorie-kam\/","title":{"rendered":"Jocelyne Lopez: Wie ich zur Kritik der Relativit\u00e4tstheorie kam"},"content":{"rendered":"<p>Ich habe erst vor 3-4 Jahren zum ersten Mal in meinem Leben etwas von einer Kritik der Relativit\u00e4tstheorie geh\u00f6rt und gelesen. Vorher habe ich nie in meinem ganzen Leben eine einzige Zeile \u00fcber die Kritik der Relativit\u00e4tstheorie je gelesen, weder im Bildungssystem noch in den Medien, obwohl ich mich immer f\u00fcr die Wissenschaft (auch f\u00fcr die Physik) interessiert habe, schon als Kind, und obwohl ich \u00fcber 30 Jahre die franz\u00f6sische, als sehr seri\u00f6se angesehene popul\u00e4rwissenschaftliche Zeitschrift &#8222;<em>Science &amp; Vie<\/em>&#8220; abonnierte. Auch dort die ganze Zeit keine einzige Zeile oder ein Hinweis \u00fcber eine Kritik der Relativit\u00e4tstheorie.<\/p>\n<p>Ich bin also v\u00f6llig ahnungslos in diesen Kontext reingerutscht, als ich vor ca. 4 Jahren, aus rein pers\u00f6nlichem Interesse und aus pers\u00f6nlichen \u00dcberlegungen die Konstanz der Lichtgeschwindigkeit in Foren hinterfragt und Einw\u00e4nde oder Bedenken dar\u00fcber ge\u00e4u\u00dfert habe. Die Reaktionen waren in solcher Ma\u00dfe heftig, aggressiv und sogar regelrecht feindlich, dass ich nicht mehr wu\u00dfte, was mir geschah&#8230; Bis ich allm\u00e4hlich mitbekommen habe, dass ich ahnungslos ein Tabu, die heilige Kuh der modernen Physik angetastet hatte.<\/p>\n<p>Das hat mich dann nicht mehr losgelassen, ich habe auch die zahlreichen Kritiker der Relativit\u00e4tstheorie und ihre vielf\u00e4ltigen Ans\u00e4tze allm\u00e4hlich entdeckt und kennen gelernt. Das ist f\u00fcr mich jetzt indiskutabel, ich bin jetzt f\u00fcr den Rest meines Lebens nicht mehr umzustimmen und nicht mehr in der Lage, diese Theorie als g\u00fcltig anzusehen, sie haben mich v\u00f6llig \u00fcberzeugt, sie haben die einleuchtendesten und solidesten Argumente. Diese Theorie halte ich definitiv f\u00fcr unhaltbar, unwissenschaftlich und unsinnig.<\/p>\n<p>Auch die aggressiven und feindlichen Reaktionen und Aktionen, sowie die Verletzungen der Menschenw\u00fcrde und der Grundrechte der Kritiker lassen mich nicht mehr los. Mein Engagement ist nicht nur durch die Gewissheit angetrieben, dass diese Theorie unhaltbar ist, sondern wohl noch mehr durch die erschreckende Feststellung, dass die Freiheit von Menschen, sowie auch von der Wissenschaft, Forschung und Lehre damit angegriffen wird.<\/p>\n<p>(Jocelyne Lopez)<\/p>\n","protected":false},"excerpt":{"rendered":"<p>Ich habe erst vor 3-4 Jahren zum ersten Mal in meinem Leben etwas von einer Kritik der Relativit\u00e4tstheorie geh\u00f6rt und gelesen. Vorher habe ich nie in meinem ganzen Leben eine einzige Zeile \u00fcber die Kritik der Relativit\u00e4tstheorie je gelesen, weder im Bildungssystem noch in den Medien, obwohl ich mich immer f\u00fcr die Wissenschaft (auch f\u00fcr [&hellip;]<\/p>\n","protected":false},"author":3,"featured_media":0,"comment_status":"closed","ping_status":"open","sticky":false,"template":"","format":"standard","meta":{"om_disable_all_campaigns":false,"_monsterinsights_skip_tracking":false,"_monsterinsights_sitenote_active":false,"_monsterinsights_sitenote_note":"","_monsterinsights_sitenote_category":0,"ngg_post_thumbnail":0,"footnotes":""},"categories":[13],"tags":[28,16,1336],"class_list":["post-143","post","type-post","status-publish","format-standard","hentry","category-kritik-der-relativitatstheorie","tag-forschungsgruppe-go-mueller","tag-gom-projekt","tag-kritik-der-relativitatstheorie"],"aioseo_notices":[],"_links":{"self":[{"href":"https:\/\/www.jocelyne-lopez.de\/blog\/wp-json\/wp\/v2\/posts\/143"}],"collection":[{"href":"https:\/\/www.jocelyne-lopez.de\/blog\/wp-json\/wp\/v2\/posts"}],"about":[{"href":"https:\/\/www.jocelyne-lopez.de\/blog\/wp-json\/wp\/v2\/types\/post"}],"author":[{"embeddable":true,"href":"https:\/\/www.jocelyne-lopez.de\/blog\/wp-json\/wp\/v2\/users\/3"}],"replies":[{"embeddable":true,"href":"https:\/\/www.jocelyne-lopez.de\/blog\/wp-json\/wp\/v2\/comments?post=143"}],"version-history":[{"count":0,"href":"https:\/\/www.jocelyne-lopez.de\/blog\/wp-json\/wp\/v2\/posts\/143\/revisions"}],"wp:attachment":[{"href":"https:\/\/www.jocelyne-lopez.de\/blog\/wp-json\/wp\/v2\/media?parent=143"}],"wp:term":[{"taxonomy":"category","embeddable":true,"href":"https:\/\/www.jocelyne-lopez.de\/blog\/wp-json\/wp\/v2\/categories?post=143"},{"taxonomy":"post_tag","embeddable":true,"href":"https:\/\/www.jocelyne-lopez.de\/blog\/wp-json\/wp\/v2\/tags?post=143"}],"curies":[{"name":"wp","href":"https:\/\/api.w.org\/{rel}","templated":true}]}}