{"id":1294,"date":"2009-02-13T10:12:22","date_gmt":"2009-02-13T09:12:22","guid":{"rendered":"https:\/\/www.jocelyne-lopez.de\/blog\/?p=1294"},"modified":"2009-02-13T10:12:22","modified_gmt":"2009-02-13T09:12:22","slug":"die-spezielle-relativitatstheorie-ist-gegenstandslos","status":"publish","type":"post","link":"https:\/\/www.jocelyne-lopez.de\/blog\/2009\/02\/die-spezielle-relativitatstheorie-ist-gegenstandslos\/","title":{"rendered":"Die Spezielle Relativit\u00e4tstheorie ist gegenstandslos"},"content":{"rendered":"<p>Ich komme auf die <a href=\"https:\/\/www.jocelyne-lopez.de\/blog\/2008\/09\/kompletter-austausch-mit-herrn-dr-markus-poessel\/\" target=\"_blank\"><em>Korrespondenz<\/em><\/a>\u00a0mit Dr. Markus P\u00f6ssel vom Max-Planck-Institut f\u00fcr Gravitationsphysik\/Albert Einstein Institut zur\u00fcck, die 2008 \u00fcber mehrere Monate gef\u00fchrt wurde, und insbesondere auf die <a href=\"https:\/\/www.jocelyne-lopez.de\/blog\/2008\/08\/austausch-mit-herrn-dr-markus-poessel-vom-17190808\/\" target=\"_blank\"><em>Aussage vom 17.08.08<\/em>\u00a0<\/a>von Dr. P\u00f6ssel, die L\u00e4ngenkontraktion sei in der Speziellen Relativit\u00e4tstheorie nicht materiell:<\/p>\n<p style=\"padding-left: 60px;\"><em>Die Laengenkontraktion geht nicht mit materiellen Veraenderungen des Koerpers einher;<\/em><\/p>\n<p>Diese Aussage f\u00fchrt die Spezielle Relativit\u00e4tstheorie ad absurdum: Die Theorie ist gegenstandslos, die L\u00e4ngenkontraktion ist nicht materiell, sie ist lediglich ein Scheineffekt, sie existiert in der Natur nicht und kann keine realen physikalischen Ereignisse beschreiben. Die relativistischen Berechnungen und Voraussagen sind daher eine Fiktion, die Experimente und Beobachtungen, die als Best\u00e4tigung dieser Fiktion interpretiert werden, sind lediglich Illusionen.<\/p>\n<p>Ich habe gestern diese Problematik im MAHAG-Forum zur Diskussion gestellt, siehe mein Thread: <a href=\"http:\/\/www.mahag.com\/neufor\/viewtopic.php?f=6&amp;t=32\" target=\"_blank\"><em>Die L\u00e4ngenkontraktion ist in der SRT nicht materiell<\/em><\/a><\/p>\n<p><a href=\"http:\/\/www.mahag.com\/neufor\/viewtopic.php?f=6&amp;t=32\"><\/a><\/p>\n<p>\u00a0(Jocelyne Lopez)<\/p>\n","protected":false},"excerpt":{"rendered":"<p>Ich komme auf die Korrespondenz\u00a0mit Dr. Markus P\u00f6ssel vom Max-Planck-Institut f\u00fcr Gravitationsphysik\/Albert Einstein Institut zur\u00fcck, die 2008 \u00fcber mehrere Monate gef\u00fchrt wurde, und insbesondere auf die Aussage vom 17.08.08\u00a0von Dr. P\u00f6ssel, die L\u00e4ngenkontraktion sei in der Speziellen Relativit\u00e4tstheorie nicht materiell: Die Laengenkontraktion geht nicht mit materiellen Veraenderungen des Koerpers einher; Diese Aussage f\u00fchrt die Spezielle [&hellip;]<\/p>\n","protected":false},"author":3,"featured_media":0,"comment_status":"closed","ping_status":"open","sticky":false,"template":"","format":"standard","meta":{"om_disable_all_campaigns":false,"_monsterinsights_skip_tracking":false,"ngg_post_thumbnail":0,"footnotes":""},"categories":[13],"tags":[37,39,247,129],"class_list":["post-1294","post","type-post","status-publish","format-standard","hentry","category-kritik-der-relativitatstheorie","tag-dr-annette-schavan","tag-dr-markus-possel","tag-max-planck-institut-fur-gravitationsphysik","tag-prof-dr-jurgen-richter"],"aioseo_notices":[],"_links":{"self":[{"href":"https:\/\/www.jocelyne-lopez.de\/blog\/wp-json\/wp\/v2\/posts\/1294"}],"collection":[{"href":"https:\/\/www.jocelyne-lopez.de\/blog\/wp-json\/wp\/v2\/posts"}],"about":[{"href":"https:\/\/www.jocelyne-lopez.de\/blog\/wp-json\/wp\/v2\/types\/post"}],"author":[{"embeddable":true,"href":"https:\/\/www.jocelyne-lopez.de\/blog\/wp-json\/wp\/v2\/users\/3"}],"replies":[{"embeddable":true,"href":"https:\/\/www.jocelyne-lopez.de\/blog\/wp-json\/wp\/v2\/comments?post=1294"}],"version-history":[{"count":0,"href":"https:\/\/www.jocelyne-lopez.de\/blog\/wp-json\/wp\/v2\/posts\/1294\/revisions"}],"wp:attachment":[{"href":"https:\/\/www.jocelyne-lopez.de\/blog\/wp-json\/wp\/v2\/media?parent=1294"}],"wp:term":[{"taxonomy":"category","embeddable":true,"href":"https:\/\/www.jocelyne-lopez.de\/blog\/wp-json\/wp\/v2\/categories?post=1294"},{"taxonomy":"post_tag","embeddable":true,"href":"https:\/\/www.jocelyne-lopez.de\/blog\/wp-json\/wp\/v2\/tags?post=1294"}],"curies":[{"name":"wp","href":"https:\/\/api.w.org\/{rel}","templated":true}]}}