{"id":1209,"date":"2009-02-04T12:21:45","date_gmt":"2009-02-04T11:21:45","guid":{"rendered":"https:\/\/www.jocelyne-lopez.de\/blog\/?p=1209"},"modified":"2009-06-18T13:39:44","modified_gmt":"2009-06-18T12:39:44","slug":"39-das-forschungsprojekt-go-mueller-zieht-eine-zwischenbilanz","status":"publish","type":"post","link":"https:\/\/www.jocelyne-lopez.de\/blog\/2009\/02\/39-das-forschungsprojekt-go-mueller-zieht-eine-zwischenbilanz\/","title":{"rendered":"39 &#8211; Das Forschungsprojekt G.O. Mueller zieht eine Zwischenbilanz"},"content":{"rendered":"<p>Nachstehend\u00a039. Abschnitt der bisher unver\u00f6ffentlichen Arbeit <a href=\"https:\/\/www.jocelyne-lopez.de\/blog\/?p=455\" target=\"_blank\"><em>Das Forschungsprojekt G.O. Mueller zieht eine Zwischenbilanz<\/em><\/a>, die im Forum von Ekkehard Friebe als <a href=\"http:\/\/www.ekkehard-friebe.de\/friebeforum\/thread.php?threadid=651&amp;sid=04e68a9c48641e9b6d8ceac60dbd5cd2\" target=\"_blank\"><em>Fortsetzungsreihe<\/em><\/a>\u00a0vorgestellt wird:<\/p>\n<p>\u00a0<\/p>\n<p style=\"padding-left: 30px;\"><strong>2006, Sept. &#8211; &#8222;<em>Offener Brief an Frau Bundesministerin Annette Schavan<\/em>&#8222;<\/strong><\/p>\n<p style=\"padding-left: 30px;\">Auf die R\u00fcckfrage von Jocelyne Lopez vom Juli 2006 hatte die Ministerin einen Mitarbeiter ihres Ministeriums, Herrn Prof. J\u00fcrgen Richter, beauftragt, auf den &#8222;<em>Offenen Brief<\/em>&#8220; des GOM-Projekts und die Erinnerung von Jocelyne Lopez zu antworten. Das GOM-Projekt dankt jetzt in seinem &#8222;<em>Offenen Brief<\/em>&#8220; f\u00fcr die Stellungnahme des Ministeriums, beklagt jedoch, da\u00df darin dem aufgeworfenen Problem der Wissenschaftsfreiheit ausgewichen wird und wiederholt und pr\u00e4zisiert deshalb wichtige 10 Fragen:<\/p>\n<p style=\"padding-left: 60px;\"><em>&#8222;1. Gibt es eine Tradition der Theoriekritik seit 95 Jahren? &#8211; Ja oder nein?<\/em><\/p>\n<p style=\"padding-left: 60px;\"><em>2. Ist diese Theoriekritik seit 80 Jahren unterdr\u00fcckt und verleumdet worden? &#8211; Ja oder Nein?<\/em><\/p>\n<p style=\"padding-left: 60px;\"><em>3. Ist diese Theoriekritik in der wissenschaftlichen Diskussion argumentativ ausger\u00e4umt worden? &#8211; Ja oder Nein?<\/em><\/p>\n<p style=\"padding-left: 60px;\"><em>4. Kommen in der wissenschaftlichen Diskussion der theoretischen Physik zur Speziellen Relativit\u00e4tstheorie &#8211; wie in der Wissenschaft allgemein \u00fcblich &#8211; Minderheitsmeinungen fachlich und \u00f6ffentlich zur Sprache? &#8211; Ja oder Nein?<\/em><\/p>\n<p style=\"padding-left: 60px;\"><em>5. Haben die Amtsinhaber der theoretischen Physik mit der Diskriminierung und dem Boykott von kritischen Minderheitsauffassungen durch deren Ausschlu\u00df aus der wissenschaftlichen Diskussion und damit den Ausschlu\u00df der Kritiker von den Grundrechten massenhaft ihre Amtseide auf das Grundgesetz gebrochen? &#8211; Ja oder Nein?<\/em><\/p>\n<p style=\"padding-left: 60px;\"><em>6. Sind die Wissenschaftsredaktionen der deutschen Tagespresse, der Zeitschriften und der elektronischen Massenmedien zur Unterdr\u00fcckung der Theoriekritik erfolgreich gleichgeschaltet worden? &#8211; Ja oder Nein?<\/em><\/p>\n<p style=\"padding-left: 60px;\"><em>7. Herrscht in allen Bereichen unserer Gesellschaft (mit der einzigen Ausnahme: Internet) &#8211; also in Universit\u00e4ten, Massenmedien, Schulen, allgemeinen und fachlichen Zeitschriften, Verlagsprogrammen &#8211; bez\u00fcglich dieser einen Theorie eine von dieser gesetzwidrigen Zensur verordnete Friedhofsruhe? &#8211; Ja oder nein?<\/em><\/p>\n<p style=\"padding-left: 60px;\"><em>8. Wird schon in den Schulen von den Fachlehrern mit p\u00e4dagogischem Notendruck ein gegebenenfalls auch heuchlerisches Bekenntnis der Sch\u00fcler zur Theorie verlangt und durchgesetzt, weil jeder, der kritisiert, \u00a0f\u00fcr dumm erkl\u00e4rt wird? &#8211; Ja oder Nein?<\/em><\/p>\n<p style=\"padding-left: 60px;\"><em>9. Werden Zweifel der Sch\u00fcler von vornherein abgekanzelt und damit bei den Sch\u00fclern (und \u00fcbrigens auch bei den Lehrerkollegen der anderen F\u00e4cher) Duckm\u00e4usertum und Opportunismus gez\u00fcchtet? &#8211; Ja oder Nein?<\/em><\/p>\n<p style=\"padding-left: 60px;\"><em>10. Wird die \u00d6ffentlichkeit durch das jahrzehntelange Verschweigen der Existenz einer kritischen Tradition betrogen? &#8211; Ja oder Nein?&#8220;<\/em><\/p>\n<p style=\"padding-left: 30px;\">Bisher sind keine Antworten auf diese Fragen eingetroffen, seit einem Jahr. Solange keine Antworten vorliegen, d\u00fcrfen wir annehmen: den Relativisten sind die Argumente ausgegangen. Der Text des &#8222;<em>Offenen Briefes<\/em>&#8220; ist im Internet ver\u00f6ffentlicht: <a href=\"http:\/\/www.ekkehard-friebe.de\/060921gom_schavan.pdf\" target=\"_blank\"><em>http:\/\/www.ekkehard-friebe.de\/060921gom_schavan.pdf<\/em><\/a><\/p>\n<p style=\"padding-left: 30px;\">(G.O. Mueller)<\/p>\n","protected":false},"excerpt":{"rendered":"<p>Nachstehend\u00a039. Abschnitt der bisher unver\u00f6ffentlichen Arbeit Das Forschungsprojekt G.O. Mueller zieht eine Zwischenbilanz, die im Forum von Ekkehard Friebe als Fortsetzungsreihe\u00a0vorgestellt wird: \u00a0 2006, Sept. &#8211; &#8222;Offener Brief an Frau Bundesministerin Annette Schavan&#8222; Auf die R\u00fcckfrage von Jocelyne Lopez vom Juli 2006 hatte die Ministerin einen Mitarbeiter ihres Ministeriums, Herrn Prof. J\u00fcrgen Richter, beauftragt, auf [&hellip;]<\/p>\n","protected":false},"author":3,"featured_media":0,"comment_status":"closed","ping_status":"open","sticky":false,"template":"","format":"standard","meta":{"om_disable_all_campaigns":false,"_monsterinsights_skip_tracking":false,"_monsterinsights_sitenote_active":false,"_monsterinsights_sitenote_note":"","_monsterinsights_sitenote_category":0,"ngg_post_thumbnail":0,"footnotes":""},"categories":[11,13],"tags":[119,37,28,16,1336,129],"class_list":["post-1209","post","type-post","status-publish","format-standard","hentry","category-go-mueller","category-kritik-der-relativitatstheorie","tag-annette-schavan","tag-dr-annette-schavan","tag-forschungsgruppe-go-mueller","tag-gom-projekt","tag-kritik-der-relativitatstheorie","tag-prof-dr-jurgen-richter"],"aioseo_notices":[],"_links":{"self":[{"href":"https:\/\/www.jocelyne-lopez.de\/blog\/wp-json\/wp\/v2\/posts\/1209"}],"collection":[{"href":"https:\/\/www.jocelyne-lopez.de\/blog\/wp-json\/wp\/v2\/posts"}],"about":[{"href":"https:\/\/www.jocelyne-lopez.de\/blog\/wp-json\/wp\/v2\/types\/post"}],"author":[{"embeddable":true,"href":"https:\/\/www.jocelyne-lopez.de\/blog\/wp-json\/wp\/v2\/users\/3"}],"replies":[{"embeddable":true,"href":"https:\/\/www.jocelyne-lopez.de\/blog\/wp-json\/wp\/v2\/comments?post=1209"}],"version-history":[{"count":0,"href":"https:\/\/www.jocelyne-lopez.de\/blog\/wp-json\/wp\/v2\/posts\/1209\/revisions"}],"wp:attachment":[{"href":"https:\/\/www.jocelyne-lopez.de\/blog\/wp-json\/wp\/v2\/media?parent=1209"}],"wp:term":[{"taxonomy":"category","embeddable":true,"href":"https:\/\/www.jocelyne-lopez.de\/blog\/wp-json\/wp\/v2\/categories?post=1209"},{"taxonomy":"post_tag","embeddable":true,"href":"https:\/\/www.jocelyne-lopez.de\/blog\/wp-json\/wp\/v2\/tags?post=1209"}],"curies":[{"name":"wp","href":"https:\/\/api.w.org\/{rel}","templated":true}]}}