{"id":1004,"date":"2009-01-22T10:13:45","date_gmt":"2009-01-22T09:13:45","guid":{"rendered":"https:\/\/www.jocelyne-lopez.de\/blog\/?p=1004"},"modified":"2009-01-22T19:28:14","modified_gmt":"2009-01-22T18:28:14","slug":"auch-arzte-lehnen-tierversuche-ab","status":"publish","type":"post","link":"https:\/\/www.jocelyne-lopez.de\/blog\/2009\/01\/auch-arzte-lehnen-tierversuche-ab\/","title":{"rendered":"Auch \u00c4rzte lehnen Tierversuche ab"},"content":{"rendered":"<p>Ich verweise auf einen Artikel in der FAZ vom 30.12.08 von Elisabeth Petras, <a href=\"http:\/\/www.paktev.de\/index.php?artnr=000&amp;t=00\" target=\"_blank\"><em>Politischer Arbeitskreis f\u00fcr Tierrechte in Europa e.V.<\/em><\/a> (PAKT) im Rahmen der Auseinander-setzung um <a href=\"https:\/\/www.jocelyne-lopez.de\/blog\/2008\/12\/keine-primatenforschung-an-der-universitat-bremen\/\" target=\"_blank\"><em>die Affenversuche von Andreas Kreiter\u00a0an der Universit\u00e4t Bremen<\/em><\/a>:<\/p>\n<p>\u00a0<\/p>\n<p style=\"padding-left: 60px;\">Die Deutsche Forschungsgesellschaft (DFG) versucht, die Sachlage so darzustellen, als st\u00fcnden auf der einen Seite die Wissenschaftler, die an menschenrettenden Ma\u00dfnahmen forschten und deren Freiheit keinesfalls angetastet werden d\u00fcrfe, auf der anderen Seite aber ungebildete, wom\u00f6glich militante Tiersch\u00fctzer. So ist es aber nicht. Auch in Tierschutzkreisen gibt es viele Wissenschaftler. Die \u201e<em>\u00c4rzte gegen Tierversuche<\/em>&#8220; zum Beispiel lehnen Tierversuche auch aus wissenschaftlichen, methodischen Gr\u00fcnden ab &#8211; weil sie oft irref\u00fchrende Ergebnisse liefern und die immensen Mittel, die in sie flie\u00dfen, besser f\u00fcr eine insgesamt effektivere Forschung und zur Gesundheitsinformation zur Verf\u00fcgung gestellt werden k\u00f6nnen. Eine Zulassung von mehr tierversuchsfreien Methoden k\u00e4me auch der Erschwinglichkeit von Forschung f\u00fcr viele Unternehmen zugute. Leider steht f\u00fcr diese nur ein winziger Bruchteil der Gelder zur Verf\u00fcgung. [&#8230;]<\/p>\n<p style=\"padding-left: 60px;\">(Elisabeth Petras)<\/p>\n","protected":false},"excerpt":{"rendered":"<p>Ich verweise auf einen Artikel in der FAZ vom 30.12.08 von Elisabeth Petras, Politischer Arbeitskreis f\u00fcr Tierrechte in Europa e.V. (PAKT) im Rahmen der Auseinander-setzung um die Affenversuche von Andreas Kreiter\u00a0an der Universit\u00e4t Bremen: \u00a0 Die Deutsche Forschungsgesellschaft (DFG) versucht, die Sachlage so darzustellen, als st\u00fcnden auf der einen Seite die Wissenschaftler, die an menschenrettenden [&hellip;]<\/p>\n","protected":false},"author":3,"featured_media":0,"comment_status":"closed","ping_status":"open","sticky":false,"template":"","format":"standard","meta":{"om_disable_all_campaigns":false,"_monsterinsights_skip_tracking":false,"_monsterinsights_sitenote_active":false,"_monsterinsights_sitenote_note":"","_monsterinsights_sitenote_category":0,"ngg_post_thumbnail":0,"footnotes":""},"categories":[9],"tags":[480,473,478,479,26,7],"class_list":["post-1004","post","type-post","status-publish","format-standard","hentry","category-tierversuche-abschaffen","tag-artze-gegen-tierversuche","tag-andreas-kreiter","tag-elisabeth-petras","tag-pakt","tag-tierrecht","tag-tierschutz"],"aioseo_notices":[],"_links":{"self":[{"href":"https:\/\/www.jocelyne-lopez.de\/blog\/wp-json\/wp\/v2\/posts\/1004"}],"collection":[{"href":"https:\/\/www.jocelyne-lopez.de\/blog\/wp-json\/wp\/v2\/posts"}],"about":[{"href":"https:\/\/www.jocelyne-lopez.de\/blog\/wp-json\/wp\/v2\/types\/post"}],"author":[{"embeddable":true,"href":"https:\/\/www.jocelyne-lopez.de\/blog\/wp-json\/wp\/v2\/users\/3"}],"replies":[{"embeddable":true,"href":"https:\/\/www.jocelyne-lopez.de\/blog\/wp-json\/wp\/v2\/comments?post=1004"}],"version-history":[{"count":0,"href":"https:\/\/www.jocelyne-lopez.de\/blog\/wp-json\/wp\/v2\/posts\/1004\/revisions"}],"wp:attachment":[{"href":"https:\/\/www.jocelyne-lopez.de\/blog\/wp-json\/wp\/v2\/media?parent=1004"}],"wp:term":[{"taxonomy":"category","embeddable":true,"href":"https:\/\/www.jocelyne-lopez.de\/blog\/wp-json\/wp\/v2\/categories?post=1004"},{"taxonomy":"post_tag","embeddable":true,"href":"https:\/\/www.jocelyne-lopez.de\/blog\/wp-json\/wp\/v2\/tags?post=1004"}],"curies":[{"name":"wp","href":"https:\/\/api.w.org\/{rel}","templated":true}]}}